{"id":8014,"date":"2015-03-15T16:49:06","date_gmt":"2015-03-15T15:49:06","guid":{"rendered":"http:\/\/aula21.net\/aulablog21\/?p=8014"},"modified":"2015-03-15T16:53:49","modified_gmt":"2015-03-15T15:53:49","slug":"coleccion-lecturas-grabadas","status":"publish","type":"post","link":"http:\/\/aula21.net\/aulablog21\/archives\/2015\/03\/15\/coleccion-lecturas-grabadas\/","title":{"rendered":"Colecci\u00f3n \u00abLecturas Grabadas\u00bb"},"content":{"rendered":"<p><a href=\"http:\/\/www.educ.ar\/sitios\/educar\/seccion\/?ir=audiolibros\" target=\"_blank\">La colecci\u00f3n \u00abLecturas Grabadas\u00bb<\/a> disponible en el portal educativo argentino <strong>Educar<\/strong> nos proporciona en formato pdf y en archivos de audio 32 cuentos y una novela corta. El material se ha seleccionado en funci\u00f3n de lograr un acercamiento gozoso a la obra literaria de autores argentinos y latinoamericanos que, por su est\u00e9tica, su musicalidad, su tem\u00e1tica y sus proyecciones culturales ayude a recuperar el valor decisivo, poderoso y necesario de la palabra en el aula.<br \/>\n<!--adsense--><br \/>\n<a href=\"http:\/\/aula21.net\/aulablog21\/wp-content\/uploads\/2015\/03\/2015-03-10_09-23-41.png\"><img loading=\"lazy\" decoding=\"async\" class=\"aligncenter size-full wp-image-8015\" src=\"http:\/\/aula21.net\/aulablog21\/wp-content\/uploads\/2015\/03\/2015-03-10_09-23-41.png\" alt=\"2015-03-10_09-23-41\" width=\"470\" height=\"151\" srcset=\"http:\/\/aula21.net\/aulablog21\/wp-content\/uploads\/2015\/03\/2015-03-10_09-23-41.png 968w, http:\/\/aula21.net\/aulablog21\/wp-content\/uploads\/2015\/03\/2015-03-10_09-23-41-300x96.png 300w, http:\/\/aula21.net\/aulablog21\/wp-content\/uploads\/2015\/03\/2015-03-10_09-23-41-768x246.png 768w\" sizes=\"auto, (max-width: 470px) 100vw, 470px\" \/><\/a><\/p>\n<p>Tambi\u00e9n han editado un <a href=\"http:\/\/www.educ.ar\/sitios\/educar\/recursos\/ver?id=125244&amp;referente=docentes\" target=\"_blank\">Cuadernillo para el docente.<\/a> Un extraordinario recursos para adentrar a los alumnos en el m\u00e1gico mundo de la lectura.<\/p>\n<p>&nbsp;<\/p>\n","protected":false},"excerpt":{"rendered":"<p>La colecci\u00f3n \u00abLecturas Grabadas\u00bb disponible en el portal educativo argentino Educar nos proporciona en formato pdf y en archivos de audio 32 cuentos y una novela corta. El material se ha seleccionado en funci\u00f3n de lograr un acercamiento gozoso a la obra literaria de autores argentinos y latinoamericanos que, por su est\u00e9tica, su musicalidad, su [&hellip;]<\/p>\n","protected":false},"author":1,"featured_media":0,"comment_status":"open","ping_status":"open","sticky":false,"template":"","format":"standard","meta":{"footnotes":""},"categories":[8,29,1,14],"tags":[],"class_list":["post-8014","post","type-post","status-publish","format-standard","hentry","category-educacion_e_internet","category-lecturas","category-miscelanea","category-recursos-variados"],"_links":{"self":[{"href":"http:\/\/aula21.net\/aulablog21\/wp-json\/wp\/v2\/posts\/8014","targetHints":{"allow":["GET"]}}],"collection":[{"href":"http:\/\/aula21.net\/aulablog21\/wp-json\/wp\/v2\/posts"}],"about":[{"href":"http:\/\/aula21.net\/aulablog21\/wp-json\/wp\/v2\/types\/post"}],"author":[{"embeddable":true,"href":"http:\/\/aula21.net\/aulablog21\/wp-json\/wp\/v2\/users\/1"}],"replies":[{"embeddable":true,"href":"http:\/\/aula21.net\/aulablog21\/wp-json\/wp\/v2\/comments?post=8014"}],"version-history":[{"count":0,"href":"http:\/\/aula21.net\/aulablog21\/wp-json\/wp\/v2\/posts\/8014\/revisions"}],"wp:attachment":[{"href":"http:\/\/aula21.net\/aulablog21\/wp-json\/wp\/v2\/media?parent=8014"}],"wp:term":[{"taxonomy":"category","embeddable":true,"href":"http:\/\/aula21.net\/aulablog21\/wp-json\/wp\/v2\/categories?post=8014"},{"taxonomy":"post_tag","embeddable":true,"href":"http:\/\/aula21.net\/aulablog21\/wp-json\/wp\/v2\/tags?post=8014"}],"curies":[{"name":"wp","href":"https:\/\/api.w.org\/{rel}","templated":true}]}}