{"id":802,"date":"2006-04-23T12:42:43","date_gmt":"2006-04-23T11:42:43","guid":{"rendered":"http:\/\/127.0.0.1\/wordpress2\/index.php\/archives\/2006\/04\/23\/el-colegio-de-la-ministra\/"},"modified":"2006-12-14T16:08:20","modified_gmt":"2006-12-14T15:08:20","slug":"el-colegio-de-la-ministra","status":"publish","type":"post","link":"http:\/\/aula21.net\/aulablog21\/archives\/2006\/04\/23\/el-colegio-de-la-ministra\/","title":{"rendered":"El colegio de la Ministra"},"content":{"rendered":"<p>A trav\u00e9s de <a href=\"http:\/\/www.elpais.es\/articulo\/sociedad\/hay\/crear\/conflictos\/religion\/20060423elpepisoc_2\/Tes\/\">la entrevista que aparece en El Pa\u00eds<\/a> a la nueva Ministra de Educaci\u00f3n me entero que estudi\u00f3 en un magn\u00edfico colegio de Madrid, eso si privado y no subvencionado lo cual me parece l\u00edcito por lo que imagino que los colegios concertados y privados estar\u00e1n muy contentos con su nombramiento. Pasemos a ver la p\u00e1gina web del <a href=\"http:\/\/www.colegio-estudio.com\/Carta.htm\">Colegio Estudio<\/a>.<\/p>\n<p>Adem\u00e1s hay muchos hijos de destacados socialistas que tambi\u00e9n apuestan por llevar a sus hijos a colegios privados, es decir que no predican con el ejemplo precisamente, \u00a1qu\u00e9 talento y qu\u00e9 talante !<\/p>\n<p>De sus palabras deduzco que no va a haber ning\u00fan cambio pues dice &quot;Una ley de educaci\u00f3n no es f\u00e1cil de explicar. Lo fundamental ahora es conseguir mandar el mensaje m\u00e1s sincero de que los cambios que debe haber en el sistema educativo, que no es tan catastr\u00f3fico como se piensa, no ser\u00e1n posibles porque la ley sea mejor o peor. S\u00f3lo son posibles si tienen un apoyo absoluto de la sociedad en su conjunto&quot;. Que yo sepa a esta ley le falta como poco el apoyo de casi la mitad de la sociedad. <\/p>\n","protected":false},"excerpt":{"rendered":"<p>A trav\u00e9s de la entrevista que aparece en El Pa\u00eds a la nueva Ministra de Educaci\u00f3n me entero que estudi\u00f3 en un magn\u00edfico colegio de Madrid, eso si privado y no subvencionado lo cual me parece l\u00edcito por lo que imagino que los colegios concertados y privados estar\u00e1n muy contentos con su nombramiento. Pasemos a [&hellip;]<\/p>\n","protected":false},"author":1,"featured_media":0,"comment_status":"open","ping_status":"open","sticky":false,"template":"","format":"standard","meta":{"footnotes":""},"categories":[8],"tags":[],"class_list":["post-802","post","type-post","status-publish","format-standard","hentry","category-educacion_e_internet"],"_links":{"self":[{"href":"http:\/\/aula21.net\/aulablog21\/wp-json\/wp\/v2\/posts\/802","targetHints":{"allow":["GET"]}}],"collection":[{"href":"http:\/\/aula21.net\/aulablog21\/wp-json\/wp\/v2\/posts"}],"about":[{"href":"http:\/\/aula21.net\/aulablog21\/wp-json\/wp\/v2\/types\/post"}],"author":[{"embeddable":true,"href":"http:\/\/aula21.net\/aulablog21\/wp-json\/wp\/v2\/users\/1"}],"replies":[{"embeddable":true,"href":"http:\/\/aula21.net\/aulablog21\/wp-json\/wp\/v2\/comments?post=802"}],"version-history":[{"count":0,"href":"http:\/\/aula21.net\/aulablog21\/wp-json\/wp\/v2\/posts\/802\/revisions"}],"wp:attachment":[{"href":"http:\/\/aula21.net\/aulablog21\/wp-json\/wp\/v2\/media?parent=802"}],"wp:term":[{"taxonomy":"category","embeddable":true,"href":"http:\/\/aula21.net\/aulablog21\/wp-json\/wp\/v2\/categories?post=802"},{"taxonomy":"post_tag","embeddable":true,"href":"http:\/\/aula21.net\/aulablog21\/wp-json\/wp\/v2\/tags?post=802"}],"curies":[{"name":"wp","href":"https:\/\/api.w.org\/{rel}","templated":true}]}}