{"id":8048,"date":"2015-04-14T12:18:04","date_gmt":"2015-04-14T11:18:04","guid":{"rendered":"http:\/\/aula21.net\/aulablog21\/?p=8048"},"modified":"2015-04-15T12:08:03","modified_gmt":"2015-04-15T11:08:03","slug":"competencia-comunicativa-y-produccion-de-textos-orientaciones-para-la-correccion","status":"publish","type":"post","link":"http:\/\/aula21.net\/aulablog21\/archives\/2015\/04\/14\/competencia-comunicativa-y-produccion-de-textos-orientaciones-para-la-correccion\/","title":{"rendered":"Competencia comunicativa y producci\u00f3n de textos: orientaciones para la correcci\u00f3n"},"content":{"rendered":"<p style=\"text-align: justify;\"><a href=\"http:\/\/aula21.net\/aulablog21\/wp-content\/uploads\/2015\/04\/comtcom.jpg\"><img loading=\"lazy\" decoding=\"async\" class=\"size-full wp-image-8049 alignleft\" style=\"margin-right: 8px; margin-left: 8px;\" src=\"http:\/\/aula21.net\/aulablog21\/wp-content\/uploads\/2015\/04\/comtcom.jpg\" alt=\"comtcom\" width=\"167\" height=\"240\" \/><\/a>Pedro Jimeno, autor de <strong>La competencia comunicativa: Producci\u00f3n de textos escritos. Orientaciones para la correcci\u00f3n<\/strong>, aporta desde su experiencia de aula una serie de reflexiones y de indicaciones sobre c\u00f3mo acometer una tarea que, aunque sea habitual, no deja de entra\u00f1ar una considerable complejidad: la valoraci\u00f3n y correcci\u00f3n de textos escritos por estudiantes.<\/p>\n<p>La capacidad de expresar ideas de forma organizada y eficaz constituye uno de los pilares en que se basa la competencia comunicativa. Otro es la capacidad de entender un mensaje.<br \/>\n<!--adsense--><br \/>\n<a href=\"http:\/\/www.educacion.navarra.es\/portal\/digitalAssets\/47\/47151_ESO2_Caorreciion_de_textos_escritos.pdf\" target=\"_blank\">[e-Book] Competencia comunicativa y producci\u00f3n de textos: orientaciones para la correcci\u00f3n<\/a>, Pamplona: Gobierno de Navarra, Departamento de Educaci\u00f3n, 2012.<\/p>\n<p>&nbsp;<\/p>\n","protected":false},"excerpt":{"rendered":"<p>Pedro Jimeno, autor de La competencia comunicativa: Producci\u00f3n de textos escritos. Orientaciones para la correcci\u00f3n, aporta desde su experiencia de aula una serie de reflexiones y de indicaciones sobre c\u00f3mo acometer una tarea que, aunque sea habitual, no deja de entra\u00f1ar una considerable complejidad: la valoraci\u00f3n y correcci\u00f3n de textos escritos por estudiantes. La capacidad [&hellip;]<\/p>\n","protected":false},"author":1,"featured_media":0,"comment_status":"open","ping_status":"open","sticky":false,"template":"","format":"standard","meta":{"footnotes":""},"categories":[29,14],"tags":[],"class_list":["post-8048","post","type-post","status-publish","format-standard","hentry","category-lecturas","category-recursos-variados"],"_links":{"self":[{"href":"http:\/\/aula21.net\/aulablog21\/wp-json\/wp\/v2\/posts\/8048","targetHints":{"allow":["GET"]}}],"collection":[{"href":"http:\/\/aula21.net\/aulablog21\/wp-json\/wp\/v2\/posts"}],"about":[{"href":"http:\/\/aula21.net\/aulablog21\/wp-json\/wp\/v2\/types\/post"}],"author":[{"embeddable":true,"href":"http:\/\/aula21.net\/aulablog21\/wp-json\/wp\/v2\/users\/1"}],"replies":[{"embeddable":true,"href":"http:\/\/aula21.net\/aulablog21\/wp-json\/wp\/v2\/comments?post=8048"}],"version-history":[{"count":0,"href":"http:\/\/aula21.net\/aulablog21\/wp-json\/wp\/v2\/posts\/8048\/revisions"}],"wp:attachment":[{"href":"http:\/\/aula21.net\/aulablog21\/wp-json\/wp\/v2\/media?parent=8048"}],"wp:term":[{"taxonomy":"category","embeddable":true,"href":"http:\/\/aula21.net\/aulablog21\/wp-json\/wp\/v2\/categories?post=8048"},{"taxonomy":"post_tag","embeddable":true,"href":"http:\/\/aula21.net\/aulablog21\/wp-json\/wp\/v2\/tags?post=8048"}],"curies":[{"name":"wp","href":"https:\/\/api.w.org\/{rel}","templated":true}]}}