{"id":806,"date":"2006-04-27T11:08:18","date_gmt":"2006-04-27T10:08:18","guid":{"rendered":"http:\/\/127.0.0.1\/wordpress2\/index.php\/archives\/2006\/04\/27\/tareas-escolares\/"},"modified":"2006-04-27T12:09:30","modified_gmt":"2006-04-27T11:09:30","slug":"tareas-escolares","status":"publish","type":"post","link":"http:\/\/aula21.net\/aulablog21\/archives\/2006\/04\/27\/tareas-escolares\/","title":{"rendered":"Tareas escolares"},"content":{"rendered":"<p>Como imagino os ocurre a todos los que tene\u00eds hijos en edad escolar de vez en cuando hemos de echarles una manilla en alg\u00fan trabajo que les mandan en el cole. Eso me ocurri\u00f3 ayer, mi hija  Mercedes me pidi\u00f3 que le buscar\u00e1 una serie de datos sobre la vida y obra de Ju\u00e1n Ram\u00f3n Jim\u00e9nez y un par de im\u00e1genes.<br \/>Inmediatamente puse en el Google &quot;wikipedia Ju\u00e1n Ram\u00f3n Jim\u00e9nez&quot; obteniendo en la primera p\u00e1gina de resultados <a href=\"http:\/\/es.wikipedia.org\/wiki\/Juan_Ram%C3%B3n_Jim%C3%A9nez\">lo que estaba buscando.<\/a><br \/>Con alegr\u00eda y cierta sorpresa veo que en la p\u00e1gina de la wikipedia donde dice :<a href=\"http:\/\/es.wikipedia.org\/wiki\/Juan_Ram%C3%B3n_Jim%C3%A9nez#Enlaces_externos\"><span class=\"tocnumber\">4<\/span> <span class=\"toctext\">Enlaces externos <\/span><\/a>veo entre otros  el enlace a :<br \/><a href=\"http:\/\/www.juntadeandalucia.es\/averroes\/sanwalabonso\/juanramonjimenez\/juanramonjimenez.htm\" class=\"external text\" title=\"http:\/\/www.juntadeandalucia.es\/averroes\/sanwalabonso\/juanramonjimenez\/juanramonjimenez.htm\" rel=\"nofollow\">Actividades TIC: webquest, etc. sobre Juan Ram\u00f3n, Zenobia y Platero. CEIP SAN WALABONSO<\/a><br \/>Mis amigos del Ceip San Walabonso, que he citado<a href=\"http:\/\/www.aula21.net\/aulablog21\/index.php\/archives\/2006\/03\/16\/actividades-en-el-ceip-wabalonso\/\"> en m\u00e1s de una ocasi\u00f3n en mi web<\/a>, me imagino han tenido la feliz ocurrencia de editar la p\u00e1gina de la wikipedia y poner el enlace a su extraordinario trabajo acerca del maravilloso poeta espa\u00f1ol.<br \/>Estos profesores son de los que predican con el ejemplo y dise\u00f1an maravillosas actividades TIC para sus alumnos,  invito a todos los profes de primaria que con motivo del 50 aniversario de la concesi\u00f3n del premio Nobel al autor de &quot;Platero y yo&quot; realiceis <a href=\"http:\/\/www.juntadeandalucia.es\/averroes\/sanwalabonso\/juanramonjimenez\/juanramonjimenez.htm\">alguna de las actividades que nos proponen<\/a> estos compa\u00f1eros.<br \/>Mercedes y yo os damos una vez m\u00e1s las gracias.<br \/>Si todos los profes que dise\u00f1an sus actividades TIC, webquests, cazas etc las enlazaran  en el  sitio adecuado de la wikipedia  enriqueceriamos esta entre todos y facilitariamos a nuestros compa\u00f1eros la b\u00fasqueda de actividades TIC.<\/p>\n","protected":false},"excerpt":{"rendered":"<p>Como imagino os ocurre a todos los que tene\u00eds hijos en edad escolar de vez en cuando hemos de echarles una manilla en alg\u00fan trabajo que les mandan en el cole. Eso me ocurri\u00f3 ayer, mi hija Mercedes me pidi\u00f3 que le buscar\u00e1 una serie de datos sobre la vida y obra de Ju\u00e1n Ram\u00f3n [&hellip;]<\/p>\n","protected":false},"author":1,"featured_media":0,"comment_status":"open","ping_status":"open","sticky":false,"template":"","format":"standard","meta":{"footnotes":""},"categories":[8,16],"tags":[],"class_list":["post-806","post","type-post","status-publish","format-standard","hentry","category-educacion_e_internet","category-wikis"],"_links":{"self":[{"href":"http:\/\/aula21.net\/aulablog21\/wp-json\/wp\/v2\/posts\/806","targetHints":{"allow":["GET"]}}],"collection":[{"href":"http:\/\/aula21.net\/aulablog21\/wp-json\/wp\/v2\/posts"}],"about":[{"href":"http:\/\/aula21.net\/aulablog21\/wp-json\/wp\/v2\/types\/post"}],"author":[{"embeddable":true,"href":"http:\/\/aula21.net\/aulablog21\/wp-json\/wp\/v2\/users\/1"}],"replies":[{"embeddable":true,"href":"http:\/\/aula21.net\/aulablog21\/wp-json\/wp\/v2\/comments?post=806"}],"version-history":[{"count":0,"href":"http:\/\/aula21.net\/aulablog21\/wp-json\/wp\/v2\/posts\/806\/revisions"}],"wp:attachment":[{"href":"http:\/\/aula21.net\/aulablog21\/wp-json\/wp\/v2\/media?parent=806"}],"wp:term":[{"taxonomy":"category","embeddable":true,"href":"http:\/\/aula21.net\/aulablog21\/wp-json\/wp\/v2\/categories?post=806"},{"taxonomy":"post_tag","embeddable":true,"href":"http:\/\/aula21.net\/aulablog21\/wp-json\/wp\/v2\/tags?post=806"}],"curies":[{"name":"wp","href":"https:\/\/api.w.org\/{rel}","templated":true}]}}