{"id":8068,"date":"2015-04-27T14:01:31","date_gmt":"2015-04-27T13:01:31","guid":{"rendered":"http:\/\/aula21.net\/aulablog21\/?p=8068"},"modified":"2015-04-27T14:03:31","modified_gmt":"2015-04-27T13:03:31","slug":"recursos-sobre-la-nueva-evaluacion-de-6o-de-primaria","status":"publish","type":"post","link":"http:\/\/aula21.net\/aulablog21\/archives\/2015\/04\/27\/recursos-sobre-la-nueva-evaluacion-de-6o-de-primaria\/","title":{"rendered":"Recursos sobre la nueva evaluaci\u00f3n de 6\u00ba de Primaria"},"content":{"rendered":"<p style=\"text-align: justify;\">El Instituto Nacional de Evaluaci\u00f3n Educativa (INEE) del Ministerio de Educaci\u00f3n, Cultura y Deporte ha creado la p\u00e1gina web de la evaluaci\u00f3n de 6\u00ba de Primaria, prevista para implantarse a partir de mayo del pr\u00f3ximo curso 2015-16. Habr\u00e1 pruebas de las competencias de comunicaci\u00f3n ling\u00fc\u00edstica (castellano, lengua co-oficial en su caso, e ingl\u00e9s), matem\u00e1ticas y ciencia y tecnolog\u00eda. Cada Comunidad Aut\u00f3noma desarrollar\u00e1 su propia prueba. Muchas comunidades han colaborado con el Instituto Nacional de Evaluaci\u00f3n Educativa (INEE) en la elaboraci\u00f3n de modelos de pruebas completas, con gu\u00eda de codificaci\u00f3n para los docentes, de modo que puedan servir de referencia para el tipo de evaluaci\u00f3n que realizar\u00e1n los alumnos de 6\u00ba de Primaria a partir del pr\u00f3ximo curso. Est\u00e1n accesibles en la web <a href=\"http:\/\/www.mecd.gob.es\/inee\/Evaluacion_sexto_Primaria.html%20\" target=\"_blank\">http:\/\/www.mecd.gob.es\/inee\/Evaluacion_sexto_Primaria.html <\/a>, donde tambi\u00e9n se puede encontrar el marco te\u00f3rico, una presentaci\u00f3n power point resumida, una entrada en el blog del INEE y enlaces a m\u00e1s ejemplos de preguntas empleadas en las evaluaciones internacionales de Primaria. Esta nueva p\u00e1gina web se une a la que ya est\u00e1 disponible desde hace varios meses sobre la evaluaci\u00f3n de 3\u00ba de Primaria <a href=\"http:\/\/www.mecd.gob.es\/inee\/Evaluacion_tercero_Primaria.html\" target=\"_blank\">http:\/\/www.mecd.gob.es\/inee\/Evaluacion_tercero_Primaria.html<\/a> , competencia exclusiva de cada Comunidad Aut\u00f3noma.<\/p>\n<p><!--adsense--><\/p>\n<p style=\"text-align: justify;\"><a href=\"http:\/\/www.mecd.gob.es\/inee\/Evaluacion_sexto_Primaria.html\" target=\"_blank\"><img loading=\"lazy\" decoding=\"async\" class=\"aligncenter wp-image-8069\" style=\"border-width: 1px;\" src=\"http:\/\/aula21.net\/aulablog21\/wp-content\/uploads\/2015\/04\/Captura-de-pantalla-2015-04-27-a-las-15.07.57.png\" alt=\"Captura de pantalla 2015-04-27 a la(s) 15.07.57\" width=\"432\" height=\"110\" srcset=\"http:\/\/aula21.net\/aulablog21\/wp-content\/uploads\/2015\/04\/Captura-de-pantalla-2015-04-27-a-las-15.07.57.png 974w, http:\/\/aula21.net\/aulablog21\/wp-content\/uploads\/2015\/04\/Captura-de-pantalla-2015-04-27-a-las-15.07.57-300x76.png 300w, http:\/\/aula21.net\/aulablog21\/wp-content\/uploads\/2015\/04\/Captura-de-pantalla-2015-04-27-a-las-15.07.57-768x196.png 768w\" sizes=\"auto, (max-width: 432px) 100vw, 432px\" \/><\/a><\/p>\n<p style=\"text-align: justify;\">\n","protected":false},"excerpt":{"rendered":"<p>El Instituto Nacional de Evaluaci\u00f3n Educativa (INEE) del Ministerio de Educaci\u00f3n, Cultura y Deporte ha creado la p\u00e1gina web de la evaluaci\u00f3n de 6\u00ba de Primaria, prevista para implantarse a partir de mayo del pr\u00f3ximo curso 2015-16. Habr\u00e1 pruebas de las competencias de comunicaci\u00f3n ling\u00fc\u00edstica (castellano, lengua co-oficial en su caso, e ingl\u00e9s), matem\u00e1ticas y [&hellip;]<\/p>\n","protected":false},"author":1,"featured_media":0,"comment_status":"open","ping_status":"open","sticky":false,"template":"","format":"standard","meta":{"footnotes":""},"categories":[8,14],"tags":[],"class_list":["post-8068","post","type-post","status-publish","format-standard","hentry","category-educacion_e_internet","category-recursos-variados"],"_links":{"self":[{"href":"http:\/\/aula21.net\/aulablog21\/wp-json\/wp\/v2\/posts\/8068","targetHints":{"allow":["GET"]}}],"collection":[{"href":"http:\/\/aula21.net\/aulablog21\/wp-json\/wp\/v2\/posts"}],"about":[{"href":"http:\/\/aula21.net\/aulablog21\/wp-json\/wp\/v2\/types\/post"}],"author":[{"embeddable":true,"href":"http:\/\/aula21.net\/aulablog21\/wp-json\/wp\/v2\/users\/1"}],"replies":[{"embeddable":true,"href":"http:\/\/aula21.net\/aulablog21\/wp-json\/wp\/v2\/comments?post=8068"}],"version-history":[{"count":0,"href":"http:\/\/aula21.net\/aulablog21\/wp-json\/wp\/v2\/posts\/8068\/revisions"}],"wp:attachment":[{"href":"http:\/\/aula21.net\/aulablog21\/wp-json\/wp\/v2\/media?parent=8068"}],"wp:term":[{"taxonomy":"category","embeddable":true,"href":"http:\/\/aula21.net\/aulablog21\/wp-json\/wp\/v2\/categories?post=8068"},{"taxonomy":"post_tag","embeddable":true,"href":"http:\/\/aula21.net\/aulablog21\/wp-json\/wp\/v2\/tags?post=8068"}],"curies":[{"name":"wp","href":"https:\/\/api.w.org\/{rel}","templated":true}]}}