{"id":808,"date":"2006-04-27T20:14:07","date_gmt":"2006-04-27T19:14:07","guid":{"rendered":"http:\/\/127.0.0.1\/wordpress2\/index.php\/archives\/2006\/04\/27\/la-educacion-a-examen-maestros-y-profesores\/"},"modified":"2006-04-27T20:14:07","modified_gmt":"2006-04-27T19:14:07","slug":"la-educacion-a-examen-maestros-y-profesores","status":"publish","type":"post","link":"http:\/\/aula21.net\/aulablog21\/archives\/2006\/04\/27\/la-educacion-a-examen-maestros-y-profesores\/","title":{"rendered":"La educaci\u00f3n a ex\u00e1men: Maestros y profesores"},"content":{"rendered":"<p><a title=\"El Ideal Digital\" href=\"http:\/\/www.ideal.es\/granada\/pg060424\/prensa\/noticias\/Tribuna_Granada\/200604\/24\/COS-OPI-147.html\"><font color=\"#950000\">La educaci\u00f3n a ex\u00e1men: Maestros y profesores<\/font><\/a>\u00a0art\u00edculo de Fernando de Villena publicado en el Ideal Digital de Granada.<\/p>\n<div class=\"p-SA\" id=\"story-texto\">\u00abEL atraso de las ciencias en Espa\u00f1a en este siglo, \u00bfqui\u00e9n puede dudar que proceda de la falta de protecci\u00f3n que hallan sus profesores?&#8230; son como los aventureros voluntarios de los ej\u00e9rcitos, que no llevan paga y se exponen m\u00e1s. Es gusto o\u00edrles hablar de matem\u00e1ticas, f\u00edsica , letras humanas, a veces con m\u00e1s recato que si hicieran moneda falsa. Viven en la oscuridad y mueren como vivieron si se\u00f1alasen premios para los profesores, premios de honor o de inter\u00e9s, o de ambos, \u00bfqu\u00e9 progresos har\u00edan! Si hubiese siquiera quien los protegiese, se esmerar\u00edan sin m\u00e1s est\u00edmulo positivo \u00bb<\/p>\n<p>Habr\u00e1 de perdon\u00e1rseme esta larga cita, pero es tal su actualidad que no he podido menos de traerla. Las palabras son de Jos\u00e9 Cadalso y fueron escritas hacia 1774. Hoy, 232 a\u00f1os despu\u00e9s, la situaci\u00f3n de los profesores en nuestro pa\u00eds no es mucho mejor, por lo menos en lo que respecta a las ense\u00f1anzas primarias y secundarias. Hoy los profesores sufren ofensas verbales y agresiones f\u00edsicas por parte de algunos alumnos y algunos padres de alumnos y la administraci\u00f3n educativa por entera respuesta dice que se trata de casos aislados. Hoy los presupuestos para la mayor\u00eda de los colegios e institutos resultan insuficientes, aunque, eso s\u00ed, de vez en cuando se dota a uno de ellos por todo lo alto a fin de publicitar la supuesta excelencia de la educaci\u00f3n espa\u00f1ola. Hoy, cuando un profesor que tiene la osad\u00eda de escribir libros es requerido por alguna universidad, instituto, Centro Andaluz de las Letras, Centro de la Generaci\u00f3n del 27 o incluso Ministerio de Cultura, a fin de impartir una conferencia, tiene que solicitar para ello un permiso de asuntos propios no retribuidos. O sea: que al infeliz o la infeliz le cuesta el dinero.<\/p>\n<p>Llevo ya m\u00e1s de veinte a\u00f1os ejerciendo la profesi\u00f3n docente y observo d\u00eda a d\u00eda el aire de prematuro vencimiento, de dignidad derrotada que presentan la mayor parte de mis compa\u00f1eros. Todos ingresan en la profesi\u00f3n llenos de ilusiones, de ideas nuevas, de af\u00e1n participativo. No tienen inconveniente en regalar muchas horas de su tiempo libre a los proyectos del centro donde trabajan. Pero el tiempo transcurre y la ingratitud y las humillaciones y la incomprensi\u00f3n les van minando el \u00e1nimo. En cualquier otro trabajo existe la promoci\u00f3n interna, en cualquier otro lugar se valora el m\u00e9rito; aqu\u00ed no se aprecia nada. Tras varias d\u00e9cadas dej\u00e1ndote la piel est\u00e1s en el mismo lugar donde comenzaste o algunos pasos m\u00e1s atr\u00e1s.<\/p>\n<p>Se afirma que los docentes disfrutamos de muchas vacaciones, unas vacaciones que, por cierto, se nos recortan de a\u00f1o en a\u00f1o, pero quienes tal cosa afirman no conocen la tensi\u00f3n emocional que supone situarse un d\u00eda tras otro en frente de varios cursos llenos de alumnos con toda su vitalidad. Ellos tienen siempre los mismo a\u00f1os; nosotros envejecemos. Y aqu\u00ed no caben titubeos ni flaquezas. Cualquier problema personal ha de ser olvidado por completo antes de entrar a clase y durante toda la jornada. \u00bfAcaso es gratuito el elevad\u00edsimo porcentaje de enfermedades depresivas que se da en el profesorado?<\/p>\n<p>Hace varios a\u00f1os, el premio Cervantes fue para el pueblo de Puerto Rico por su defensa del idioma espa\u00f1ol. \u00bfNo merecen tambi\u00e9n este galard\u00f3n todos los maestros y profesores de Espa\u00f1a? Pero, \u00bfqui\u00e9n se acuerda de ellos excepto para exigirles? \u00bfNo merecen un gesto y mucho m\u00e1s que un gesto por parte de quienes gobiernan la naci\u00f3n y las autonom\u00edas?<\/p>\n<p>232 a\u00f1os desde que se escribieron las &#8216;Cartas marruecas&#8217;. Poco aprovecharon aquellas quejas; de nada servir\u00e1n las m\u00edas.<\/p><\/div>\n<div id=\"publi1_google\">\n<div id=\"publi2_google\"><\/div>\n<\/div>\n","protected":false},"excerpt":{"rendered":"<p>La educaci\u00f3n a ex\u00e1men: Maestros y profesores\u00a0art\u00edculo de Fernando de Villena publicado en el Ideal Digital de Granada. \u00abEL atraso de las ciencias en Espa\u00f1a en este siglo, \u00bfqui\u00e9n puede dudar que proceda de la falta de protecci\u00f3n que hallan sus profesores?&#8230; son como los aventureros voluntarios de los ej\u00e9rcitos, que no llevan paga y [&hellip;]<\/p>\n","protected":false},"author":1,"featured_media":0,"comment_status":"open","ping_status":"open","sticky":false,"template":"","format":"standard","meta":{"footnotes":""},"categories":[8],"tags":[],"class_list":["post-808","post","type-post","status-publish","format-standard","hentry","category-educacion_e_internet"],"_links":{"self":[{"href":"http:\/\/aula21.net\/aulablog21\/wp-json\/wp\/v2\/posts\/808","targetHints":{"allow":["GET"]}}],"collection":[{"href":"http:\/\/aula21.net\/aulablog21\/wp-json\/wp\/v2\/posts"}],"about":[{"href":"http:\/\/aula21.net\/aulablog21\/wp-json\/wp\/v2\/types\/post"}],"author":[{"embeddable":true,"href":"http:\/\/aula21.net\/aulablog21\/wp-json\/wp\/v2\/users\/1"}],"replies":[{"embeddable":true,"href":"http:\/\/aula21.net\/aulablog21\/wp-json\/wp\/v2\/comments?post=808"}],"version-history":[{"count":0,"href":"http:\/\/aula21.net\/aulablog21\/wp-json\/wp\/v2\/posts\/808\/revisions"}],"wp:attachment":[{"href":"http:\/\/aula21.net\/aulablog21\/wp-json\/wp\/v2\/media?parent=808"}],"wp:term":[{"taxonomy":"category","embeddable":true,"href":"http:\/\/aula21.net\/aulablog21\/wp-json\/wp\/v2\/categories?post=808"},{"taxonomy":"post_tag","embeddable":true,"href":"http:\/\/aula21.net\/aulablog21\/wp-json\/wp\/v2\/tags?post=808"}],"curies":[{"name":"wp","href":"https:\/\/api.w.org\/{rel}","templated":true}]}}