{"id":8097,"date":"2015-05-14T19:23:28","date_gmt":"2015-05-14T18:23:28","guid":{"rendered":"http:\/\/aula21.net\/aulablog21\/?p=8097"},"modified":"2015-05-14T19:34:27","modified_gmt":"2015-05-14T18:34:27","slug":"la-comunicacion-en-un-mundo-que-envejece","status":"publish","type":"post","link":"http:\/\/aula21.net\/aulablog21\/archives\/2015\/05\/14\/la-comunicacion-en-un-mundo-que-envejece\/","title":{"rendered":"La comunicaci\u00f3n en un mundo que envejece"},"content":{"rendered":"<p style=\"text-align: justify;\"><a href=\"http:\/\/www.revistacomunicar.com\/index.php?contenido=preimpreso\" target=\"_blank\">La comunicaci\u00f3n en un mundo que envejece <\/a>es el t\u00edtulo del nuevo monogr\u00e1fico que pr\u00f3ximamente publicar\u00e1 la <strong>Revista Comunicar.<br \/>\n<\/strong>\u00abLa poblaci\u00f3n est\u00e1 envejeciendo de una manera muy r\u00e1pida. A esta realidad hay que a\u00f1adir el exponencial y r\u00e1pido avance de las nuevas tecnolog\u00edas en nuestras vidas cotidianas. Este binomio est\u00e1 generando gran inter\u00e9s y muchos son los estudios sobre la convivencia de las tecnolog\u00edas de la informaci\u00f3n y de la comunicaci\u00f3n en los diferentes colectivos de las envejecidas sociedades occidentales&#8230;\u00bb<strong><br \/>\n<!--adsense--><br \/>\n<\/strong><\/p>\n<p><a href=\"http:\/\/www.revistacomunicar.com\/index.php?contenido=preimpreso\" target=\"_blank\"><img loading=\"lazy\" decoding=\"async\" class=\"aligncenter  wp-image-8098\" src=\"http:\/\/aula21.net\/aulablog21\/wp-content\/uploads\/2015\/05\/Captura-de-pantalla-2015-05-14-a-las-20.29.44.png\" alt=\"Captura de pantalla 2015-05-14 a la(s) 20.29.44\" width=\"439\" height=\"291\" srcset=\"http:\/\/aula21.net\/aulablog21\/wp-content\/uploads\/2015\/05\/Captura-de-pantalla-2015-05-14-a-las-20.29.44.png 545w, http:\/\/aula21.net\/aulablog21\/wp-content\/uploads\/2015\/05\/Captura-de-pantalla-2015-05-14-a-las-20.29.44-300x199.png 300w\" sizes=\"auto, (max-width: 439px) 100vw, 439px\" \/><\/a><\/p>\n","protected":false},"excerpt":{"rendered":"<p>La comunicaci\u00f3n en un mundo que envejece es el t\u00edtulo del nuevo monogr\u00e1fico que pr\u00f3ximamente publicar\u00e1 la Revista Comunicar. \u00abLa poblaci\u00f3n est\u00e1 envejeciendo de una manera muy r\u00e1pida. A esta realidad hay que a\u00f1adir el exponencial y r\u00e1pido avance de las nuevas tecnolog\u00edas en nuestras vidas cotidianas. Este binomio est\u00e1 generando gran inter\u00e9s y muchos [&hellip;]<\/p>\n","protected":false},"author":1,"featured_media":0,"comment_status":"open","ping_status":"open","sticky":false,"template":"","format":"standard","meta":{"footnotes":""},"categories":[29,1],"tags":[],"class_list":["post-8097","post","type-post","status-publish","format-standard","hentry","category-lecturas","category-miscelanea"],"_links":{"self":[{"href":"http:\/\/aula21.net\/aulablog21\/wp-json\/wp\/v2\/posts\/8097","targetHints":{"allow":["GET"]}}],"collection":[{"href":"http:\/\/aula21.net\/aulablog21\/wp-json\/wp\/v2\/posts"}],"about":[{"href":"http:\/\/aula21.net\/aulablog21\/wp-json\/wp\/v2\/types\/post"}],"author":[{"embeddable":true,"href":"http:\/\/aula21.net\/aulablog21\/wp-json\/wp\/v2\/users\/1"}],"replies":[{"embeddable":true,"href":"http:\/\/aula21.net\/aulablog21\/wp-json\/wp\/v2\/comments?post=8097"}],"version-history":[{"count":0,"href":"http:\/\/aula21.net\/aulablog21\/wp-json\/wp\/v2\/posts\/8097\/revisions"}],"wp:attachment":[{"href":"http:\/\/aula21.net\/aulablog21\/wp-json\/wp\/v2\/media?parent=8097"}],"wp:term":[{"taxonomy":"category","embeddable":true,"href":"http:\/\/aula21.net\/aulablog21\/wp-json\/wp\/v2\/categories?post=8097"},{"taxonomy":"post_tag","embeddable":true,"href":"http:\/\/aula21.net\/aulablog21\/wp-json\/wp\/v2\/tags?post=8097"}],"curies":[{"name":"wp","href":"https:\/\/api.w.org\/{rel}","templated":true}]}}