{"id":815,"date":"2006-04-28T21:45:54","date_gmt":"2006-04-28T20:45:54","guid":{"rendered":"http:\/\/127.0.0.1\/wordpress2\/index.php\/archives\/2006\/04\/28\/la-generacion-estafada\/"},"modified":"2006-04-28T21:50:31","modified_gmt":"2006-04-28T20:50:31","slug":"la-generacion-estafada","status":"publish","type":"post","link":"http:\/\/aula21.net\/aulablog21\/archives\/2006\/04\/28\/la-generacion-estafada\/","title":{"rendered":"La generaci\u00f3n estafada."},"content":{"rendered":"<p>Recientemente le\u00ed que la generaci\u00f3n de nuestros hijos va a ser la primera de la historia que va a vivir peor que sus padres y este art\u00edculo me ha hecho reflexionar al respecto y tener otra visi\u00f3n\u00a0de la juventud actual.<\/p>\n<p><a href=\"http:\/\/marianosuperstar.blogspot.com\/2006\/04\/la-generacin-estafada.html\">La \u00a0generaci\u00f3n estafada<\/a><br \/><strong>Fragmento del art\u00edculo:<\/strong> <br \/><em>Hay j\u00f3venes que se van de casa. Aquellos que llevan currando en el tajo desde que salieron del colegio. El andamio y la f\u00e1brica dan sueldos suficientes para emanciparse. Pero estamos otros muchos que elegimos estudiar y tratar de ser alguien. Hijos de trabajadores que quisieron ser abogados, periodistas, jueces, ingenieros, gentes de letras, estudiaron arte, idiomas, porque la sociedad proclam\u00f3 que todos \u00e9ramos iguales.<br \/>Y nos estafaron.<br \/>Muchos han perdido muchos a\u00f1os de su vida estudiando, gast\u00e1ndose el dinero que no ten\u00edan en masters y dem\u00e1s gilipolleces para darse cuenta de que ahora llega el tiempo de tener unos ahorros, plantearse una vida, tener una casa\u2026 y no se puede. Becarios eternos, otros trabajando gratis, otros compartiendo casa con cuatro personas viviendo una interminable convivencia a modo de piso de estudiantes, otros derrotados trabajando en la f\u00e1brica o en el telepizza, asumiendo que es que \u201cno valen\u201d para lo que estudiaron. Otros no cejan en luchar por ese sue\u00f1o que tuvieron de chavales, ese sue\u00f1o que le inculcaron sus padres de intentar trabajar en lo que le gustaba\u2026<\/p>\n<p>Y aun ten\u00e9is la desfachatez de culpar a nuestros padres, de llamarnos consumistas, sibaritas y sin valores, que no nos vamos de casa porque no queremos.<\/em><\/p>\n<p \/>\n<p><a href=\"http:\/\/marianosuperstar.blogspot.com\/2006\/04\/la-generacin-estafada.html\">Leer completo<\/a>. V\u00eda <a href=\"http:\/\/www.meneame.net\/\">Meneam\u00e9 .net<\/a><\/p>\n<p>\u00bfTendr\u00e1 esto que ver con el hecho de que <a href=\"http:\/\/www.elpais.es\/articulo\/sociedad\/72\/hijos\/obreros\/deja\/estudiar\/elpporsoc\/20060427elpepisoc_6\/Tes\/\">El 72% de los hijos de obreros deja de estudiar tras la ESO<\/a>?<\/p>\n<p \/><\/p>\n","protected":false},"excerpt":{"rendered":"<p>Recientemente le\u00ed que la generaci\u00f3n de nuestros hijos va a ser la primera de la historia que va a vivir peor que sus padres y este art\u00edculo me ha hecho reflexionar al respecto y tener otra visi\u00f3n\u00a0de la juventud actual. La \u00a0generaci\u00f3n estafadaFragmento del art\u00edculo: Hay j\u00f3venes que se van de casa. Aquellos que llevan [&hellip;]<\/p>\n","protected":false},"author":1,"featured_media":0,"comment_status":"open","ping_status":"open","sticky":false,"template":"","format":"standard","meta":{"footnotes":""},"categories":[1],"tags":[],"class_list":["post-815","post","type-post","status-publish","format-standard","hentry","category-miscelanea"],"_links":{"self":[{"href":"http:\/\/aula21.net\/aulablog21\/wp-json\/wp\/v2\/posts\/815","targetHints":{"allow":["GET"]}}],"collection":[{"href":"http:\/\/aula21.net\/aulablog21\/wp-json\/wp\/v2\/posts"}],"about":[{"href":"http:\/\/aula21.net\/aulablog21\/wp-json\/wp\/v2\/types\/post"}],"author":[{"embeddable":true,"href":"http:\/\/aula21.net\/aulablog21\/wp-json\/wp\/v2\/users\/1"}],"replies":[{"embeddable":true,"href":"http:\/\/aula21.net\/aulablog21\/wp-json\/wp\/v2\/comments?post=815"}],"version-history":[{"count":0,"href":"http:\/\/aula21.net\/aulablog21\/wp-json\/wp\/v2\/posts\/815\/revisions"}],"wp:attachment":[{"href":"http:\/\/aula21.net\/aulablog21\/wp-json\/wp\/v2\/media?parent=815"}],"wp:term":[{"taxonomy":"category","embeddable":true,"href":"http:\/\/aula21.net\/aulablog21\/wp-json\/wp\/v2\/categories?post=815"},{"taxonomy":"post_tag","embeddable":true,"href":"http:\/\/aula21.net\/aulablog21\/wp-json\/wp\/v2\/tags?post=815"}],"curies":[{"name":"wp","href":"https:\/\/api.w.org\/{rel}","templated":true}]}}