{"id":8162,"date":"2015-09-07T14:57:22","date_gmt":"2015-09-07T13:57:22","guid":{"rendered":"http:\/\/aula21.net\/aulablog21\/?p=8162"},"modified":"2015-09-07T14:58:55","modified_gmt":"2015-09-07T13:58:55","slug":"celebra-con-nosotros-el-dia-europeo-de-las-lenguas","status":"publish","type":"post","link":"http:\/\/aula21.net\/aulablog21\/archives\/2015\/09\/07\/celebra-con-nosotros-el-dia-europeo-de-las-lenguas\/","title":{"rendered":"\u00a127 de septiembre, celebra el D\u00eda Europeo de las Lenguas!"},"content":{"rendered":"<p>Tengas la edad que tengas, individualmente o en grupo, como organizaci\u00f3n (colegio o asociaci\u00f3n) o simplemente entre amigos: todo el mundo puede participar en el DEL. Hay muchas maneras de contribuir al \u00e9xito de la jornada: puedes tomar parte en actividades organizadas o puedes reunirte con otros y crear eventos (no olvides introducir los detalles de tu evento en el calendario de eventos DEL). A continuaci\u00f3n te mostramos algunas posibilidades:<\/p>\n<p style=\"text-align: center;\"><strong>Todo el mundo puede <a href=\"http:\/\/edl.ecml.at\/Home\/tabid\/1455\/language\/es-ES\/Default.aspx\" target=\"_blank\">participar de alguna manera en el D\u00eda Europeo de las Lenguas<\/a><\/strong><\/p>\n<p style=\"text-align: center;\"><!--adsense--><\/p>\n<p><a href=\"http:\/\/edl.ecml.at\/Home\/tabid\/1455\/language\/es-ES\/Default.aspx\" target=\"_blank\"><img loading=\"lazy\" decoding=\"async\" class=\"aligncenter  wp-image-8163\" src=\"http:\/\/aula21.net\/aulablog21\/wp-content\/uploads\/2015\/09\/Captura-de-pantalla-2015-09-07-a-las-16.04.58.png\" alt=\"Captura de pantalla 2015-09-07 a la(s) 16.04.58\" width=\"471\" height=\"102\" srcset=\"http:\/\/aula21.net\/aulablog21\/wp-content\/uploads\/2015\/09\/Captura-de-pantalla-2015-09-07-a-las-16.04.58.png 1183w, http:\/\/aula21.net\/aulablog21\/wp-content\/uploads\/2015\/09\/Captura-de-pantalla-2015-09-07-a-las-16.04.58-300x65.png 300w, http:\/\/aula21.net\/aulablog21\/wp-content\/uploads\/2015\/09\/Captura-de-pantalla-2015-09-07-a-las-16.04.58-768x166.png 768w, http:\/\/aula21.net\/aulablog21\/wp-content\/uploads\/2015\/09\/Captura-de-pantalla-2015-09-07-a-las-16.04.58-1024x222.png 1024w\" sizes=\"auto, (max-width: 471px) 100vw, 471px\" \/><\/a><\/p>\n","protected":false},"excerpt":{"rendered":"<p>Tengas la edad que tengas, individualmente o en grupo, como organizaci\u00f3n (colegio o asociaci\u00f3n) o simplemente entre amigos: todo el mundo puede participar en el DEL. Hay muchas maneras de contribuir al \u00e9xito de la jornada: puedes tomar parte en actividades organizadas o puedes reunirte con otros y crear eventos (no olvides introducir los detalles [&hellip;]<\/p>\n","protected":false},"author":1,"featured_media":0,"comment_status":"open","ping_status":"open","sticky":false,"template":"","format":"standard","meta":{"footnotes":""},"categories":[8,25],"tags":[],"class_list":["post-8162","post","type-post","status-publish","format-standard","hentry","category-educacion_e_internet","category-eventos"],"_links":{"self":[{"href":"http:\/\/aula21.net\/aulablog21\/wp-json\/wp\/v2\/posts\/8162","targetHints":{"allow":["GET"]}}],"collection":[{"href":"http:\/\/aula21.net\/aulablog21\/wp-json\/wp\/v2\/posts"}],"about":[{"href":"http:\/\/aula21.net\/aulablog21\/wp-json\/wp\/v2\/types\/post"}],"author":[{"embeddable":true,"href":"http:\/\/aula21.net\/aulablog21\/wp-json\/wp\/v2\/users\/1"}],"replies":[{"embeddable":true,"href":"http:\/\/aula21.net\/aulablog21\/wp-json\/wp\/v2\/comments?post=8162"}],"version-history":[{"count":0,"href":"http:\/\/aula21.net\/aulablog21\/wp-json\/wp\/v2\/posts\/8162\/revisions"}],"wp:attachment":[{"href":"http:\/\/aula21.net\/aulablog21\/wp-json\/wp\/v2\/media?parent=8162"}],"wp:term":[{"taxonomy":"category","embeddable":true,"href":"http:\/\/aula21.net\/aulablog21\/wp-json\/wp\/v2\/categories?post=8162"},{"taxonomy":"post_tag","embeddable":true,"href":"http:\/\/aula21.net\/aulablog21\/wp-json\/wp\/v2\/tags?post=8162"}],"curies":[{"name":"wp","href":"https:\/\/api.w.org\/{rel}","templated":true}]}}