{"id":8167,"date":"2015-09-10T08:10:19","date_gmt":"2015-09-10T07:10:19","guid":{"rendered":"http:\/\/aula21.net\/aulablog21\/?p=8167"},"modified":"2015-09-10T08:48:22","modified_gmt":"2015-09-10T07:48:22","slug":"8167","status":"publish","type":"post","link":"http:\/\/aula21.net\/aulablog21\/archives\/2015\/09\/10\/8167\/","title":{"rendered":"Nueva edici\u00f3n de cursos en l\u00ednea y abiertos (MOOC) del INTEF para el curso 2015\/16"},"content":{"rendered":"<p style=\"text-align: justify;\">Desde el lunes 7 de septiembre, y hasta finales de noviembre se encuentra disponible la <a href=\"http:\/\/blog.educalab.es\/intef\/2015\/09\/04\/comienza-el-curso-comienza-la-nueva-temporada-intef-mooc\/\" target=\"_blank\" rel=\"nofollow\"><strong>nueva edici\u00f3n de MOOC<\/strong><\/a> (cursos en l\u00ednea, masivos y abiertos) del <strong>INTEF<\/strong> para el curso 2015\/16. El n\u00famero elevado de participantes en estos cursos y la valoraci\u00f3n positiva que de los mismos han realizado es lo que ha motivado esta nueva convocatoria, que presenta la siguiente <strong>oferta<\/strong>:<\/p>\n<ul>\n<li style=\"text-align: justify;\">Ense\u00f1ar y evaluar la competencia digital (2\u00aa edici\u00f3n)<\/li>\n<li>Entornos personales de aprendizaje (2\u00aa edici\u00f3n)<\/li>\n<li>Aprendizaje basado en proyectos (2\u00aa edici\u00f3n)<\/li>\n<li>C\u00f3mo introducir la programaci\u00f3n y la rob\u00f3tica educativa en todas las materias<\/li>\n<li>Uso Educativo de la Narraci\u00f3n Digital<\/li>\n<li>eTwinning en abierto (2\u00aa edici\u00f3n)<\/li>\n<\/ul>\n<p style=\"text-align: center;\"><!--adsense--><\/p>\n<p><a href=\"http:\/\/mooc.educalab.es\/\" target=\"_blank\"><img loading=\"lazy\" decoding=\"async\" id=\"__wp-temp-img-id\" class=\" aligncenter\" title=\"\" src=\"http:\/\/blog.educalab.es\/intef\/wp-content\/uploads\/sites\/4\/2015\/09\/intefmooc.png\" alt=\"\" width=\"515\" height=\"82\" \/><\/a><\/p>\n<p style=\"text-align: center;\"><a href=\"http:\/\/mooc.educalab.es\/\" target=\"_blank\">Amliar informaci\u00f3n<\/a><\/p>\n","protected":false},"excerpt":{"rendered":"<p>Desde el lunes 7 de septiembre, y hasta finales de noviembre se encuentra disponible la nueva edici\u00f3n de MOOC (cursos en l\u00ednea, masivos y abiertos) del INTEF para el curso 2015\/16. El n\u00famero elevado de participantes en estos cursos y la valoraci\u00f3n positiva que de los mismos han realizado es lo que ha motivado esta [&hellip;]<\/p>\n","protected":false},"author":1,"featured_media":0,"comment_status":"open","ping_status":"open","sticky":false,"template":"","format":"standard","meta":{"footnotes":""},"categories":[38],"tags":[],"class_list":["post-8167","post","type-post","status-publish","format-standard","hentry","category-formacion"],"_links":{"self":[{"href":"http:\/\/aula21.net\/aulablog21\/wp-json\/wp\/v2\/posts\/8167","targetHints":{"allow":["GET"]}}],"collection":[{"href":"http:\/\/aula21.net\/aulablog21\/wp-json\/wp\/v2\/posts"}],"about":[{"href":"http:\/\/aula21.net\/aulablog21\/wp-json\/wp\/v2\/types\/post"}],"author":[{"embeddable":true,"href":"http:\/\/aula21.net\/aulablog21\/wp-json\/wp\/v2\/users\/1"}],"replies":[{"embeddable":true,"href":"http:\/\/aula21.net\/aulablog21\/wp-json\/wp\/v2\/comments?post=8167"}],"version-history":[{"count":0,"href":"http:\/\/aula21.net\/aulablog21\/wp-json\/wp\/v2\/posts\/8167\/revisions"}],"wp:attachment":[{"href":"http:\/\/aula21.net\/aulablog21\/wp-json\/wp\/v2\/media?parent=8167"}],"wp:term":[{"taxonomy":"category","embeddable":true,"href":"http:\/\/aula21.net\/aulablog21\/wp-json\/wp\/v2\/categories?post=8167"},{"taxonomy":"post_tag","embeddable":true,"href":"http:\/\/aula21.net\/aulablog21\/wp-json\/wp\/v2\/tags?post=8167"}],"curies":[{"name":"wp","href":"https:\/\/api.w.org\/{rel}","templated":true}]}}