{"id":8267,"date":"2016-02-04T10:52:27","date_gmt":"2016-02-04T09:52:27","guid":{"rendered":"http:\/\/aula21.net\/aulablog21\/?p=8267"},"modified":"2016-02-04T10:52:27","modified_gmt":"2016-02-04T09:52:27","slug":"lo-que-no-se-comparte-se-pierde-1-de-febrero-de-2016","status":"publish","type":"post","link":"http:\/\/aula21.net\/aulablog21\/archives\/2016\/02\/04\/lo-que-no-se-comparte-se-pierde-1-de-febrero-de-2016\/","title":{"rendered":"Lo que no se comparte se pierde (1 de febrero de 2016)"},"content":{"rendered":"<p style=\"text-align: justify;\"><a href=\"http:\/\/aula21.net\/aulablog21\/wp-content\/uploads\/2015\/11\/Captura-de-pantalla-2015-11-05-a-las-09.33.29.png\"><img loading=\"lazy\" decoding=\"async\" class=\"alignleft size-full wp-image-8221\" style=\"margin: 5px 19px 5px 19px;\" src=\"http:\/\/aula21.net\/aulablog21\/wp-content\/uploads\/2015\/11\/Captura-de-pantalla-2015-11-05-a-las-09.33.29.png\" alt=\"Captura de pantalla 2015-11-05 a la(s) 09.33.29\" width=\"270\" height=\"143\" \/><\/a>Hoy publico la cuarta entrega de <strong>\u00bb Lo que no se comparte se pierde\u00bb<\/strong>, una serie de entradas peri\u00f3dicas en las que hago una breve rese\u00f1a de alguna de mis publicaciones en otros medios y de lo que m\u00e1s me ha llamado la atenci\u00f3n por su utilidad o calidad a lo largo de mi constante navegaci\u00f3n por la red.<\/p>\n<p>&nbsp;<\/p>\n<ul>\n<li style=\"text-align: justify;\">\u00a0<img loading=\"lazy\" decoding=\"async\" class=\" alignleft\" style=\"margin-right: 7px; margin-left: 7px;\" src=\"http:\/\/enmarchaconlastic.educarex.es\/images\/articulospacomdlp\/logoconcursoelmar.png\" alt=\"\" width=\"91\" height=\"87\" \/>Hasta el 1o de marzo de 2016\u00a0 alumnos de Primaria y Secundaria se pueden inscribir en: <a href=\"http:\/\/enmarchaconlastic.educarex.es\/231-nuevo-emt\/eventos-y-difusion\/2501-la-mar-de-ciencia-concurso-para-jovenes-artistas-interesados-en-la-ciencia-y-el-mar\">La Mar de Ciencia : concurso para alumnos de Primaria y Secundaria interesados en la ciencia y el mar<\/a><\/li>\n<\/ul>\n<ul>\n<li class=\"item-title\" style=\"text-align: justify;\"><a href=\"http:\/\/enmarchaconlastic.educarex.es\/248-nuevo-emt\/escuela-2-0\/2505-materiales-del-foro-nativos-digitales-para-profesorado-alumnado-y-familias\">Materiales del Foro Nativos Digitales para docentes, alumnos y familias.<\/a>Han sido dise\u00f1ados por\u00a0 el <a href=\"http:\/\/enmarchaconlastic.educarex.es\/equipoemt\" target=\"_blank\" rel=\"nofollow\">Grupo de Software Educativo de Extremadura<\/a> (GSEEX) del Servicio de Tecnolog\u00edas de la Educaci\u00f3n y <a href=\"http:\/\/nativosdigitales.educarex.es\" target=\"_blank\" rel=\"nofollow\">publicados <\/a>con licencia CC BY-NC-SA 3.0. Disponibles para su utilizaci\u00f3n y descarga por parte de todos los centros educativos as\u00ed como del alumnado, profesorado y familias que lo deseen.<br \/>\n<a href=\"http:\/\/enmarchaconlastic.educarex.es\/foro-nativos-digitales-index\" target=\"_blank\"><img loading=\"lazy\" decoding=\"async\" class=\"  wp-image-8311 aligncenter\" src=\"http:\/\/aula21.net\/aulablog21\/wp-content\/uploads\/2016\/01\/frontpage-image.png\" alt=\"frontpage-image\" width=\"455\" height=\"187\" srcset=\"http:\/\/aula21.net\/aulablog21\/wp-content\/uploads\/2016\/01\/frontpage-image.png 1000w, http:\/\/aula21.net\/aulablog21\/wp-content\/uploads\/2016\/01\/frontpage-image-300x123.png 300w\" sizes=\"auto, (max-width: 455px) 100vw, 455px\" \/><\/a><\/li>\n<\/ul>\n<p style=\"text-align: center;\"><!--adsense--><\/p>\n<ul>\n<li><a href=\"http:\/\/aula21.net\/aulablog21\/wp-content\/uploads\/2016\/01\/Captura-de-pantalla-2016-01-21-a-las-08.52.01.png\"><img loading=\"lazy\" decoding=\"async\" class=\"alignleft  wp-image-8305\" style=\"margin-right: 7px; margin-left: 7px;\" src=\"http:\/\/aula21.net\/aulablog21\/wp-content\/uploads\/2016\/01\/Captura-de-pantalla-2016-01-21-a-las-08.52.01.png\" alt=\"Captura de pantalla 2016-01-21 a la(s) 08.52.01\" width=\"76\" height=\"81\" \/><\/a><a href=\"http:\/\/odite.ciberespiral.org\/comunidad\/ODITE\/recurso\/40-usos-para-smartphones-en-la-escuela\/2bf30014-e02c-4c7d-a73e-8eb07e2476c0\" target=\"_blank\">40 usos para smartphones en la escuela.\u00a0 <\/a><em>Este post es una traducci\u00f3n-adaptaci\u00f3n de Juanmi Mu\u00f1oz del art\u00edculo original \u00a0publicado por Examtime: <a href=\"https:\/\/www.examtime.com\/blog\/40-uses-for-smartphones-in-school\/\" target=\"_blank\">https:\/\/www.examtime.com\/blog\/40-uses-for-smartphones-in-school\/<br \/>\n<\/a><\/em><\/li>\n<li><a href=\"http:\/\/ciberespiral.org\/index.php\/es\/n-3-entera2-0\">N\u00ba 3 Entera2.0 <\/a>Nueva edici\u00f3n de la revista enTERA2.0,\u00a0 n\u00famero dedicado a las \u00abTendencias EDUTIC\u00bb. No dejes de leerla y de compartirla.<\/li>\n<li style=\"text-align: justify;\"><span class=\"justificado\"><span class=\"justificado\"><a href=\"http:\/\/aula21.net\/aulablog21\/wp-content\/uploads\/2015\/01\/escribir_0.png\"><img loading=\"lazy\" decoding=\"async\" id=\"__wp-temp-img-id\" class=\"alignleft  wp-image-7971\" style=\"margin-right: 7px; margin-left: 7px;\" src=\"http:\/\/aula21.net\/aulablog21\/wp-content\/uploads\/2015\/01\/escribir_0.png\" alt=\"escribir_0\" width=\"133\" height=\"187\" \/><\/a><a href=\"http:\/\/www.fundaciontelefonica.com\/arte_cultura\/publicaciones-listado\/pagina-item-publicaciones\/itempubli\/469\/\" target=\"_blank\">Hacia una antropolog\u00eda de los lectores:<\/a> Esta investigaci\u00f3n cualitativa, editada por Fundaci\u00f3n Telef\u00f3nica, sobre c\u00f3mo leen j\u00f3venes y adultos de distintas generaciones y niveles educativos, en las escuelas, en casa o en el transporte, individualmente o en grupos, muestra los muchos prop\u00f3sitos por los cuales se llega a la lectura.<\/span><\/span><\/li>\n<\/ul>\n<p>&nbsp;<\/p>\n<p>&nbsp;<\/p>\n<ul>\n<li>\n<p class=\"article-title\" style=\"text-align: justify;\">Publican en Internet para uso libre m\u00e1s de 100.000 im\u00e1genes de una exquisita colecci\u00f3n inglesa. La Wellcome Collection de Londres <a href=\"http:\/\/wellcomeimages.org\/\" target=\"_blank\">abre en l\u00ednea sus archivos,<\/a> que contienen uno de los conjuntos de im\u00e1genes m\u00e1s ricos, variados y singulares del mundo. Pueden bajarse en alta resoluci\u00f3n y son de uso abierto mediante una licencia de Creative Commons que s\u00f3lo impide el uso comercial.<\/p>\n<\/li>\n<li><a href=\"http:\/\/www.xataka.com\/historia-tecnologica\/16-ejemplos-de-como-se-veia-el-futuro-en-el-pasado\" target=\"_blank\">16 predicciones futuristas hechas en el pasado: err\u00f3neas, acertadas y disparatadas<\/a>, las im\u00e1genes que ilustran el art\u00edculo son una preciosidad, no te las pierdas.<br \/>\n<img loading=\"lazy\" decoding=\"async\" id=\"__wp-temp-img-id\" class=\" aligncenter\" title=\"\" src=\"http:\/\/i.blogs.es\/2fb770\/paleofuturo\/650_1200.jpg\" alt=\"\" width=\"319\" height=\"199\" \/><\/li>\n<li>\u00a0<img loading=\"lazy\" decoding=\"async\" class=\"alignleft\" src=\"http:\/\/www.revistacomunicar.com\/interfaz\/imagenes\/portadas\/indices\/46.jpg\" alt=\"\" width=\"98\" height=\"129\" \/>Nuevo n\u00famero de la revista <b>Comunicar 46<\/b> (2016-01)<a href=\"http:\/\/www.revistacomunicar.com\/index.php?contenido=revista&amp;numero=actual\" target=\"_blank\"> INTERNET DEL FUTURO<\/a><\/li>\n<li><span id=\"texto_read\" class=\"justificado\"><\/span><\/li>\n<\/ul>\n","protected":false},"excerpt":{"rendered":"<p>Hoy publico la cuarta entrega de \u00bb Lo que no se comparte se pierde\u00bb, una serie de entradas peri\u00f3dicas en las que hago una breve rese\u00f1a de alguna de mis publicaciones en otros medios y de lo que m\u00e1s me ha llamado la atenci\u00f3n por su utilidad o calidad a lo largo de mi constante [&hellip;]<\/p>\n","protected":false},"author":1,"featured_media":0,"comment_status":"open","ping_status":"open","sticky":false,"template":"","format":"standard","meta":{"footnotes":""},"categories":[37,8,29,43,1],"tags":[],"class_list":["post-8267","post","type-post","status-publish","format-standard","hentry","category-colaboraciones","category-educacion_e_internet","category-lecturas","category-lo-que-no-se-comparte","category-miscelanea"],"_links":{"self":[{"href":"http:\/\/aula21.net\/aulablog21\/wp-json\/wp\/v2\/posts\/8267","targetHints":{"allow":["GET"]}}],"collection":[{"href":"http:\/\/aula21.net\/aulablog21\/wp-json\/wp\/v2\/posts"}],"about":[{"href":"http:\/\/aula21.net\/aulablog21\/wp-json\/wp\/v2\/types\/post"}],"author":[{"embeddable":true,"href":"http:\/\/aula21.net\/aulablog21\/wp-json\/wp\/v2\/users\/1"}],"replies":[{"embeddable":true,"href":"http:\/\/aula21.net\/aulablog21\/wp-json\/wp\/v2\/comments?post=8267"}],"version-history":[{"count":1,"href":"http:\/\/aula21.net\/aulablog21\/wp-json\/wp\/v2\/posts\/8267\/revisions"}],"predecessor-version":[{"id":8490,"href":"http:\/\/aula21.net\/aulablog21\/wp-json\/wp\/v2\/posts\/8267\/revisions\/8490"}],"wp:attachment":[{"href":"http:\/\/aula21.net\/aulablog21\/wp-json\/wp\/v2\/media?parent=8267"}],"wp:term":[{"taxonomy":"category","embeddable":true,"href":"http:\/\/aula21.net\/aulablog21\/wp-json\/wp\/v2\/categories?post=8267"},{"taxonomy":"post_tag","embeddable":true,"href":"http:\/\/aula21.net\/aulablog21\/wp-json\/wp\/v2\/tags?post=8267"}],"curies":[{"name":"wp","href":"https:\/\/api.w.org\/{rel}","templated":true}]}}