{"id":8283,"date":"2016-03-04T13:23:08","date_gmt":"2016-03-04T12:23:08","guid":{"rendered":"http:\/\/aula21.net\/aulablog21\/?p=8283"},"modified":"2016-03-04T13:24:13","modified_gmt":"2016-03-04T12:24:13","slug":"lo-que-no-se-comparte-se-pierde-marzo-2016","status":"publish","type":"post","link":"http:\/\/aula21.net\/aulablog21\/archives\/2016\/03\/04\/lo-que-no-se-comparte-se-pierde-marzo-2016\/","title":{"rendered":"Lo que no se comparte se pierde (marzo 2016)"},"content":{"rendered":"<p style=\"text-align: justify;\"><a href=\"http:\/\/aula21.net\/aulablog21\/wp-content\/uploads\/2015\/11\/Captura-de-pantalla-2015-11-05-a-las-09.33.29.png\"><img loading=\"lazy\" decoding=\"async\" class=\"alignleft size-full wp-image-8221\" style=\"margin: 5px 19px 5px 19px;\" src=\"http:\/\/aula21.net\/aulablog21\/wp-content\/uploads\/2015\/11\/Captura-de-pantalla-2015-11-05-a-las-09.33.29.png\" alt=\"Captura de pantalla 2015-11-05 a la(s) 09.33.29\" width=\"270\" height=\"143\" \/><\/a>Hoy publico la quinta entrega de <strong>\u00bb Lo que no se comparte se pierde\u00bb<\/strong>, una serie de entradas peri\u00f3dicas en las que hago una breve rese\u00f1a de alguna de mis publicaciones en otros medios y de lo que m\u00e1s me ha llamado la atenci\u00f3n por su utilidad o calidad a lo largo de mi constante navegaci\u00f3n por la red.<\/p>\n<p style=\"text-align: justify;\"><a href=\"http:\/\/aula21.net\/aulablog21\/wp-content\/uploads\/2016\/02\/Captura-de-pantalla-2016-02-04-a-las-10.56.30.png\"><img loading=\"lazy\" decoding=\"async\" class=\"alignleft size-full wp-image-8319\" style=\"margin-right: 7px; margin-left: 7px;\" src=\"http:\/\/aula21.net\/aulablog21\/wp-content\/uploads\/2016\/02\/Captura-de-pantalla-2016-02-04-a-las-10.56.30.png\" alt=\"Captura de pantalla 2016-02-04 a la(s) 10.56.30\" width=\"200\" height=\"217\" \/><\/a><strong>En biblioteca de los docentes<\/strong>: La convivencia escolar y la resoluci\u00f3n de conflictos en el aula, ebook gratuito. <a href=\"http:\/\/bit.ly\/1TFQ6zT\" target=\"_blank\">bit.ly\/1TFQ6zT<\/a><\/p>\n<p><a title=\"Ver noticia\" href=\"http:\/\/politica.elpais.com\/politica\/2016\/02\/03\/actualidad\/1454527093_941804.html\"><strong>El mundo en 50 colegios innovadores<\/strong> . <\/a>El psic\u00f3logo Alfredo Hernando ha viajado de Espa\u00f1a a Jap\u00f3n para descubrir cu\u00e1les son los mejores proyectos educativos.<\/p>\n<p><strong><a href=\"https:\/\/publiadmin.fundaciontelefonica.com\/index.php\/publicaciones\/add_descargas?tipo_fichero=pdf&amp;idioma_fichero=es_es&amp;title=Viaje+a+la+escuela+del+siglo+XXI&amp;code=476&amp;lang=es&amp;file=viaje-interactivo-18-01-16.pdf\" target=\"_blank\">Viaje a la escuela del siglo XXI. <\/a><\/strong>As\u00ed trabajan los colegios m\u00e1s innovadores del mundo. Alfredo Hernando Calvo. Fundaci\u00f3n Telef\u00f3nica. 2015<\/p>\n<p><strong>Google Maps ha cumpido 10 a\u00f1os<\/strong> <a href=\"http:\/\/www.xataka.com\/aplicaciones\/17-trucos-y-algun-huevo-de-pascua-de-google-maps?utm_source=NEWSLETTER&amp;utm_medium=DAILYNEWSLETTER&amp;utm_content=POST&amp;utm_campaign=05_Feb_2016+Genbeta&amp;utm_term=CLICK+ON+TITLE\" target=\"_blank\">17 trucos para ser un completo maestro <\/a>de esta fant\u00e1stica herramienta.<\/p>\n<div id=\"stcpDiv\">\n<p id=\"contenido-titulo\"><strong><a href=\"http:\/\/www.consumer.es\/web\/es\/tecnologia\/internet\/2016\/03\/02\/223434.php#sthash.aniKydn1.BNmV00oP.dpuf\" target=\"_blank\">Diez viajes incre\u00edbles con Google Maps<\/a>.<\/strong> La tecnolog\u00eda de Google Maps permite visitar rincones del mundo tan bellos como las pir\u00e1mides de Egipto, el monte Fuji y hasta el \u00c1rtico sin moverse de casa.<\/p>\n<p style=\"text-align: justify;\"><a href=\"http:\/\/www.aulacorto.mecd.gob.es\/\"><img loading=\"lazy\" decoding=\"async\" class=\"alignleft\" style=\"margin-right: 7px; margin-left: 7px;\" src=\"http:\/\/www.aulacorto.mecd.gob.es\/assets\/img\/logo_all.jpg\" alt=\"\" width=\"275\" height=\"137\" \/>Aulacorto: El portal de cine para colegios e institutos. U<\/a>na nueva web que introduce el cine en las aulas y que pretende convertirse en una herramienta de recursos educativos para la formaci\u00f3n del alumnado de primaria, secundaria, bachillerato y formaci\u00f3n profesional. La web <a title=\"Enlace externo, se abre en ventana nueva\" href=\"http:\/\/www.AulaCorto.mecd.gob.es\" rel=\"external\"><strong>www.AulaCorto.mecd.gob.es<\/strong><\/a> ofrece contenidos audiovisuales en formato cortometraje (menos de 30 minutos), de ficci\u00f3n, animaci\u00f3n o documental, para su uso formativo en el aula, pensado para ni\u00f1os de entre 6 y 17 a\u00f1os.<\/p>\n<p class=\"item-title\"><a href=\"http:\/\/enmarchaconlastic.educarex.es\/235-nuevo-emt\/seguridad-en-internet\/2528-mas-de-5-000-alumnos-se-forman-para-plantar-cara-al-ciberacoso-2\">M\u00e1s de 5.000 alumnos se forman para plantar cara al ciberacoso. <\/a>Materiales libres disponibles para todos.<\/p>\n<p class=\"item-title\"><img loading=\"lazy\" decoding=\"async\" class=\"wp-image-8324 aligncenter\" src=\"http:\/\/aula21.net\/aulablog21\/wp-content\/uploads\/2016\/03\/Captura-de-pantalla-2016-02-09-a-las-21.05.46.png\" alt=\"Captura de pantalla 2016-02-09 a la(s) 21.05.46\" width=\"469\" height=\"261\" srcset=\"http:\/\/aula21.net\/aulablog21\/wp-content\/uploads\/2016\/03\/Captura-de-pantalla-2016-02-09-a-las-21.05.46.png 728w, http:\/\/aula21.net\/aulablog21\/wp-content\/uploads\/2016\/03\/Captura-de-pantalla-2016-02-09-a-las-21.05.46-300x167.png 300w\" sizes=\"auto, (max-width: 469px) 100vw, 469px\" \/><\/p>\n<\/div>\n<div id=\"stcpDiv\">\n<p style=\"text-align: justify;\"><img loading=\"lazy\" decoding=\"async\" class=\"alignleft\" src=\"http:\/\/enmarchaconlastic.educarex.es\/images\/articulospacomdlp\/IMG_1640.JPG\" alt=\"\" width=\"175\" height=\"131\" \/>He publicado un art\u00edculo sobre el proyecto del CEIP\u00a0Castillo Qadrit\u00a0 <a href=\"http:\/\/enmarchaconlastic.educarex.es\/250-nuevo-emt\/innovacion-metodologica\/2516-el-club-de-la-pajarita\">El club de la pajarita <\/a>premiado en la convocatoria 2015 de los Premios Nacionales de Educaci\u00f3n dentro de la categor\u00eda de fomento a la convivencia escolar.<\/p>\n<\/div>\n<p>&nbsp;<\/p>\n","protected":false},"excerpt":{"rendered":"<p>Hoy publico la quinta entrega de \u00bb Lo que no se comparte se pierde\u00bb, una serie de entradas peri\u00f3dicas en las que hago una breve rese\u00f1a de alguna de mis publicaciones en otros medios y de lo que m\u00e1s me ha llamado la atenci\u00f3n por su utilidad o calidad a lo largo de mi constante [&hellip;]<\/p>\n","protected":false},"author":1,"featured_media":0,"comment_status":"open","ping_status":"open","sticky":false,"template":"","format":"standard","meta":{"footnotes":""},"categories":[37,8,29,43,1,14],"tags":[],"class_list":["post-8283","post","type-post","status-publish","format-standard","hentry","category-colaboraciones","category-educacion_e_internet","category-lecturas","category-lo-que-no-se-comparte","category-miscelanea","category-recursos-variados"],"_links":{"self":[{"href":"http:\/\/aula21.net\/aulablog21\/wp-json\/wp\/v2\/posts\/8283","targetHints":{"allow":["GET"]}}],"collection":[{"href":"http:\/\/aula21.net\/aulablog21\/wp-json\/wp\/v2\/posts"}],"about":[{"href":"http:\/\/aula21.net\/aulablog21\/wp-json\/wp\/v2\/types\/post"}],"author":[{"embeddable":true,"href":"http:\/\/aula21.net\/aulablog21\/wp-json\/wp\/v2\/users\/1"}],"replies":[{"embeddable":true,"href":"http:\/\/aula21.net\/aulablog21\/wp-json\/wp\/v2\/comments?post=8283"}],"version-history":[{"count":0,"href":"http:\/\/aula21.net\/aulablog21\/wp-json\/wp\/v2\/posts\/8283\/revisions"}],"wp:attachment":[{"href":"http:\/\/aula21.net\/aulablog21\/wp-json\/wp\/v2\/media?parent=8283"}],"wp:term":[{"taxonomy":"category","embeddable":true,"href":"http:\/\/aula21.net\/aulablog21\/wp-json\/wp\/v2\/categories?post=8283"},{"taxonomy":"post_tag","embeddable":true,"href":"http:\/\/aula21.net\/aulablog21\/wp-json\/wp\/v2\/tags?post=8283"}],"curies":[{"name":"wp","href":"https:\/\/api.w.org\/{rel}","templated":true}]}}