{"id":8316,"date":"2016-04-05T18:37:23","date_gmt":"2016-04-05T17:37:23","guid":{"rendered":"http:\/\/aula21.net\/aulablog21\/?p=8316"},"modified":"2016-05-17T20:12:14","modified_gmt":"2016-05-17T19:12:14","slug":"lo-que-no-se-comparte-se-pierde-abril-2016","status":"publish","type":"post","link":"http:\/\/aula21.net\/aulablog21\/archives\/2016\/04\/05\/lo-que-no-se-comparte-se-pierde-abril-2016\/","title":{"rendered":"Lo que no se comparte se pierde (abril 2016)"},"content":{"rendered":"<p style=\"text-align: center;\"><!--adsense--><\/p>\n<p style=\"text-align: justify;\"><a href=\"http:\/\/aula21.net\/aulablog21\/wp-content\/uploads\/2015\/11\/Captura-de-pantalla-2015-11-05-a-las-09.33.29.png\"><img loading=\"lazy\" decoding=\"async\" class=\"alignleft size-full wp-image-8221\" style=\"margin: 5px 19px 5px 19px;\" src=\"http:\/\/aula21.net\/aulablog21\/wp-content\/uploads\/2015\/11\/Captura-de-pantalla-2015-11-05-a-las-09.33.29.png\" alt=\"Captura de pantalla 2015-11-05 a la(s) 09.33.29\" width=\"270\" height=\"143\" \/><\/a>Hoy publico la sexta entrega de <strong>\u00bb Lo que no se comparte se pierde\u00bb<\/strong>, una serie de entradas peri\u00f3dicas en las que hago una breve rese\u00f1a de alguna de mis publicaciones en otros medios y de lo que m\u00e1s me ha llamado la atenci\u00f3n por su utilidad o calidad a lo largo de mi constante navegaci\u00f3n por la red.<\/p>\n<ul>\n<li style=\"text-align: justify;\">El equipo de Google ha a\u00f1adido a <strong>Google Docs<\/strong> la posibilidad de <strong>exportar ficheros a EPUB<\/strong>, el formato de publicaci\u00f3n digital m\u00e1s extendido y que soportan m\u00e1s lectores de libros electr\u00f3nicos. Para ello s\u00f3lo tienes que abrirlo, hacer clic en el men\u00fa Archivo&gt;\u00bbDescargar como\u00bb y elegir la opci\u00f3n \u00abPublicaci\u00f3n EPUB\u00bb. El fichero en cuesti\u00f3n se descargar\u00e1 a tu equipo, y desde ah\u00ed, usando un programa como <a href=\"http:\/\/www.genbeta.com\/guia-de-inicio\/la-guia-completa-para-dominar-calibre-y-organizar-tu-biblioteca-de-e-books\">Calibre<\/a>, podr\u00e1s pasarlo f\u00e1cilmente a tu lector de ebooks favorito.<\/li>\n<li style=\"text-align: justify;\">Presentaci\u00f3n con las 100 mejores herramientas para el aprendizaje en el a\u00f1o 2015. Se trata de una lista realizada por <a href=\"https:\/\/twitter.com\/C4LPT\" target=\"_blank\">Jane Hart<\/a> en la que han votado m\u00e1s de 2000 profesionales dedicados a la educaci\u00f3n. Puedes obtener m\u00e1s informaci\u00f3n sobre la autora y el procedimiento en <a href=\"http:\/\/c4lpt.co.uk\/top100tools\/\" target=\"_blank\">este enlace.<\/a><\/li>\n<\/ul>\n<p><iframe loading=\"lazy\" style=\"border: 1px solid #CCC; border-width: 1px; margin-bottom: 5px; max-width: 100%;\" src=\"\/\/www.slideshare.net\/slideshow\/embed_code\/key\/AA6Cc7gUWYrsvq\" width=\"465\" height=\"465\" frameborder=\"0\" marginwidth=\"0\" marginheight=\"0\" scrolling=\"no\" allowfullscreen=\"allowfullscreen\"> <\/iframe><\/p>\n<div style=\"margin-bottom: 5px;\">\n<ul>\n<li class=\"transcript-header\"><strong><a href=\"http:\/\/www.slideshare.net\/lernys\/artefactos-digitales-formas-de-representar-el-conocimiento-en-plataformas-virtuales?utm_source=slideshow&amp;utm_medium=ssemail&amp;utm_campaign=upload_digest\" target=\"_blank\">Artefactos digitales: formas de representar el conocimiento en plataformas virtuales<\/a><\/strong><\/li>\n<\/ul>\n<p class=\"transcript-header\" style=\"text-align: center;\">Autor: Fernando Santamar\u00eda Gonz\u00e1lez<\/p>\n<\/div>\n<p><iframe loading=\"lazy\" style=\"border: 1px solid #CCC; border-width: 1px; margin-bottom: 5px; max-width: 100%;\" src=\"\/\/www.slideshare.net\/slideshow\/embed_code\/key\/EYTm96NdgURL9K\" width=\"468\" height=\"468\" frameborder=\"0\" marginwidth=\"0\" marginheight=\"0\" scrolling=\"no\" allowfullscreen=\"allowfullscreen\"> <\/iframe><\/p>\n<ul>\n<li style=\"text-align: justify;\"><a href=\"https:\/\/dl.dropboxusercontent.com\/u\/20875810\/dim\/revistaDIM33\/revistanew.htm\" target=\"_blank\">Nuevo n\u00famero de la Revista DIM<\/a> (Did\u00e1ctica, Innovaci\u00f3n y Multimedia), aparece rese\u00f1ado el material gratuito sobre el uso seguro de Internet elaborado por el grupo <a href=\"http:\/\/enmarchaconlastic.educarex.es\/equipoemt\" target=\"_blank\">GSEEX<\/a> de la Consejer\u00eda de Educaci\u00f3n y Empleo de la Junta de Extremadura.<img loading=\"lazy\" decoding=\"async\" class=\"wp-image-8477 aligncenter\" src=\"http:\/\/aula21.net\/aulablog21\/wp-content\/uploads\/2016\/03\/Captura-de-pantalla-2016-03-30-a-las-10.12.31.png\" alt=\"Captura de pantalla 2016-03-30 a la(s) 10.12.31\" width=\"405\" height=\"437\" srcset=\"http:\/\/aula21.net\/aulablog21\/wp-content\/uploads\/2016\/03\/Captura-de-pantalla-2016-03-30-a-las-10.12.31.png 733w, http:\/\/aula21.net\/aulablog21\/wp-content\/uploads\/2016\/03\/Captura-de-pantalla-2016-03-30-a-las-10.12.31-278x300.png 278w\" sizes=\"auto, (max-width: 405px) 100vw, 405px\" \/><\/li>\n<li><a href=\"http:\/\/www.20minutos.es\/edicion_impresa\/ver\/guia\/197\/\" target=\"_blank\">Gu\u00eda de Empleabilidad de la Fundaci\u00f3n Telef\u00f3nica<\/a>. Puedes visualizarla y descargarla en pdf.<\/li>\n<\/ul>\n","protected":false},"excerpt":{"rendered":"<p>Hoy publico la sexta entrega de \u00bb Lo que no se comparte se pierde\u00bb, una serie de entradas peri\u00f3dicas en las que hago una breve rese\u00f1a de alguna de mis publicaciones en otros medios y de lo que m\u00e1s me ha llamado la atenci\u00f3n por su utilidad o calidad a lo largo de mi constante [&hellip;]<\/p>\n","protected":false},"author":1,"featured_media":0,"comment_status":"open","ping_status":"open","sticky":false,"template":"","format":"standard","meta":{"footnotes":""},"categories":[17,42,37,19,8,29,43,23,18],"tags":[],"class_list":["post-8316","post","type-post","status-publish","format-standard","hentry","category-articulos","category-buenas-practicas","category-colaboraciones","category-educacion","category-educacion_e_internet","category-lecturas","category-lo-que-no-se-comparte","category-sociedad","category-tic"],"_links":{"self":[{"href":"http:\/\/aula21.net\/aulablog21\/wp-json\/wp\/v2\/posts\/8316","targetHints":{"allow":["GET"]}}],"collection":[{"href":"http:\/\/aula21.net\/aulablog21\/wp-json\/wp\/v2\/posts"}],"about":[{"href":"http:\/\/aula21.net\/aulablog21\/wp-json\/wp\/v2\/types\/post"}],"author":[{"embeddable":true,"href":"http:\/\/aula21.net\/aulablog21\/wp-json\/wp\/v2\/users\/1"}],"replies":[{"embeddable":true,"href":"http:\/\/aula21.net\/aulablog21\/wp-json\/wp\/v2\/comments?post=8316"}],"version-history":[{"count":8,"href":"http:\/\/aula21.net\/aulablog21\/wp-json\/wp\/v2\/posts\/8316\/revisions"}],"predecessor-version":[{"id":8493,"href":"http:\/\/aula21.net\/aulablog21\/wp-json\/wp\/v2\/posts\/8316\/revisions\/8493"}],"wp:attachment":[{"href":"http:\/\/aula21.net\/aulablog21\/wp-json\/wp\/v2\/media?parent=8316"}],"wp:term":[{"taxonomy":"category","embeddable":true,"href":"http:\/\/aula21.net\/aulablog21\/wp-json\/wp\/v2\/categories?post=8316"},{"taxonomy":"post_tag","embeddable":true,"href":"http:\/\/aula21.net\/aulablog21\/wp-json\/wp\/v2\/tags?post=8316"}],"curies":[{"name":"wp","href":"https:\/\/api.w.org\/{rel}","templated":true}]}}