{"id":837,"date":"2006-05-15T09:50:53","date_gmt":"2006-05-15T08:50:53","guid":{"rendered":"http:\/\/127.0.0.1\/wordpress2\/index.php\/archives\/2006\/05\/15\/alumnos-espanoles-ganan-el-2-premio-del-concurso-europeo-catch-a-star\/"},"modified":"2006-05-15T15:18:30","modified_gmt":"2006-05-15T14:18:30","slug":"alumnos-espanoles-ganan-el-2-premio-del-concurso-europeo-catch-a-star","status":"publish","type":"post","link":"http:\/\/aula21.net\/aulablog21\/archives\/2006\/05\/15\/alumnos-espanoles-ganan-el-2-premio-del-concurso-europeo-catch-a-star\/","title":{"rendered":"Alumnos espa\u00f1oles ganan el 2\u00aa premio del concurso europeo \u00abCatch a Star\u00bb"},"content":{"rendered":"<p><a href=\"http:\/\/www.universia.es\/portada\/actualidad\/noticia_actualidad.jsp?noticia=87990\" target=\"_blank\">En este art\u00edculo de Universia<\/a> nos dan amplia informaci\u00f3n acerca de la concesi\u00f3n al Instituto Guind\u00e0vols de L\u00e9rida del 2\u00ba Premio del &quot;Catch a Star&quot;, versi\u00f3n europea del concurso <a href=\"http:\/\/www.fecyt.es\/cienciaenaccion\/indice.html\" target=\"_blank\">&quot;Adopta una Estrella&quot; convocado por la Fundaci\u00f3n Espa\u00f1ola para la Ciencia y la Tecnolog\u00eda (FECYT)<\/a>. Este concurso tiene por objeto promover el inter\u00e9s por la astronom\u00eda de los alumnos de secundaria. Los trabajos espa\u00f1oles seleccionados fueron 8, muchos de ellos procedentes de la edici\u00f3n espa\u00f1ola &quot;Adopta una Estrella&quot; y cuyo plazo de presentaci\u00f3n para este a\u00f1o finaliza el 30 de agosto de 2006.<br \/>Con este motivo podemos leer hoy en El Pa\u00eds un art\u00edculo titulado <a class=\"g17r003\" href=\"http:\/\/www.elpais.es\/articulo\/educacion\/oculta\/detras\/Luna\/tapa\/Sol\/elpedupor\/20060515elpepiedu_6\/Tes\/\">&quot;Lo que se oculta detr\u00e1s de la Luna que tapa el Sol<\/a>&quot; en el que nos describen el trabajo coordinado por Anicet Cosialls, profesor de f\u00edsica y qu\u00edmica del Instituto Guind\u00e0vols y realizado por sus alumnas de 16 a\u00f1os, Aida Pall\u00e0s, Violeta Porta y Alicia Tif\u00f3n, el mismo consisti\u00f3 en estudiar el eclipse solar del 3 de octubre pasado\u00a0y compararlo con el tr\u00e1nsito del planeta Venus que tuvo lugar el 8 de junio de 2004. <\/p>\n","protected":false},"excerpt":{"rendered":"<p>En este art\u00edculo de Universia nos dan amplia informaci\u00f3n acerca de la concesi\u00f3n al Instituto Guind\u00e0vols de L\u00e9rida del 2\u00ba Premio del &quot;Catch a Star&quot;, versi\u00f3n europea del concurso &quot;Adopta una Estrella&quot; convocado por la Fundaci\u00f3n Espa\u00f1ola para la Ciencia y la Tecnolog\u00eda (FECYT). Este concurso tiene por objeto promover el inter\u00e9s por la astronom\u00eda [&hellip;]<\/p>\n","protected":false},"author":1,"featured_media":0,"comment_status":"open","ping_status":"open","sticky":false,"template":"","format":"standard","meta":{"footnotes":""},"categories":[8],"tags":[],"class_list":["post-837","post","type-post","status-publish","format-standard","hentry","category-educacion_e_internet"],"_links":{"self":[{"href":"http:\/\/aula21.net\/aulablog21\/wp-json\/wp\/v2\/posts\/837","targetHints":{"allow":["GET"]}}],"collection":[{"href":"http:\/\/aula21.net\/aulablog21\/wp-json\/wp\/v2\/posts"}],"about":[{"href":"http:\/\/aula21.net\/aulablog21\/wp-json\/wp\/v2\/types\/post"}],"author":[{"embeddable":true,"href":"http:\/\/aula21.net\/aulablog21\/wp-json\/wp\/v2\/users\/1"}],"replies":[{"embeddable":true,"href":"http:\/\/aula21.net\/aulablog21\/wp-json\/wp\/v2\/comments?post=837"}],"version-history":[{"count":0,"href":"http:\/\/aula21.net\/aulablog21\/wp-json\/wp\/v2\/posts\/837\/revisions"}],"wp:attachment":[{"href":"http:\/\/aula21.net\/aulablog21\/wp-json\/wp\/v2\/media?parent=837"}],"wp:term":[{"taxonomy":"category","embeddable":true,"href":"http:\/\/aula21.net\/aulablog21\/wp-json\/wp\/v2\/categories?post=837"},{"taxonomy":"post_tag","embeddable":true,"href":"http:\/\/aula21.net\/aulablog21\/wp-json\/wp\/v2\/tags?post=837"}],"curies":[{"name":"wp","href":"https:\/\/api.w.org\/{rel}","templated":true}]}}