{"id":845,"date":"2006-05-20T19:27:01","date_gmt":"2006-05-20T18:27:01","guid":{"rendered":"http:\/\/127.0.0.1\/wordpress2\/index.php\/archives\/2006\/05\/20\/el-blogfesor-paco-destaca-xii\/"},"modified":"2006-05-21T13:24:41","modified_gmt":"2006-05-21T12:24:41","slug":"el-blogfesor-paco-destaca-xii","status":"publish","type":"post","link":"http:\/\/aula21.net\/aulablog21\/archives\/2006\/05\/20\/el-blogfesor-paco-destaca-xii\/","title":{"rendered":"El blogfesor Paco destaca (XII)"},"content":{"rendered":"<ul>\n<li><a href=\"http:\/\/historia.zeeblo.com\/sobre-mi\/\" target=\"_blank\">Hablemos de Historia<\/a>\u00a0es el blog de Mario Molina estudiante argentino\u00a0de Historia de 21 a\u00f1os. Hay <a href=\"http:\/\/historia.zeeblo.com\/informate-y-colabora\/\">muchas formas de colaborar<\/a> en su blog si as\u00ed lo deseas. Est\u00e1 gestionado con WordPress y usa un tema muy bonito denominado <a href=\"http:\/\/irui.ac\/cool-stuff\/vslider2\" target=\"_blank\">vSlider<\/a>, tanto me ha gustado que es uno de los que tendr\u00e9 en cuenta cuando actualice mi blog a WordPress 2.0.<\/li>\n<li>El amigo Felipe Zayas ha creado <a href=\"http:\/\/www.lacoctelera.com\/vadeblogs\" target=\"_blank\">Vadeblog <\/a>en La Coctelera como blog de apoyo a un curso que sobre blogs ha impartido a profesores de espa\u00f1ol en Par\u00eds.<\/li>\n<li>El d\u00eda 17 de Mayo Fernando Santamar\u00eda Gonz\u00e1lez\u00a0imparti\u00f3 una conferencia en la Universidad de Le\u00f3n en la analiz\u00f3\u00a0diversas algunas utilidades de las distintas herramientas de la nueva Web 2.0, en el entorno universitario , que facilitar\u00e1n muchos de los proyectos y objetivos del profesor del siglo XXI, tales como wikis,blogs, RSS&#8230;.<a href=\"http:\/\/gabinetedeinformatica.net\/wp15\/2006\/05\/18\/presentacion-de-la-conferencia-que-monte-para-el-dia-de-internet\/\">En este art\u00edculo nos lo describe ampliamente<\/a> y podemos ver la <a href=\"http:\/\/www.gabinetedeinformatica.net\/ponencias\/diadeinternet\/\">impresionante presentaci\u00f3n<\/a> que mostr\u00f3 a los afortunados asistentes.<\/li>\n<li><a href=\"http:\/\/antoniotemprano.org\/articulos.html\" target=\"_blank\">Art\u00edculos de informat\u00edca educativa de Antonio Temprano<\/a><\/li>\n<li><a href=\"http:\/\/www.lacoctelera.com\/blogtic\/post\/2006\/05\/08\/retomando-taller-blogs-sesion-un-9-mayo\">Interesante y completo art\u00edculo para un Taller de Blogs<\/a>.<\/li>\n<li><a href=\"http:\/\/blogdeltigre.coconia.net\/?p=154\" target=\"_blank\">Notas para un diccionario m\u00e1s o menos humor\u00edstico sobre bit\u00e1coras<\/a>\u00a0en la Bit\u00e1cora del Tigre.<\/li>\n<li><a title=\"Site: Planeta Educativo - Un primer vistazo a la blogosfera educativa\" href=\"http:\/\/www.aulablog.com\/planeta\/node\/5767\" target=\"_blank\">La escuela y las TIC \u00bfinnovaci\u00f3n?<\/a>\u00a0en\u00a0 NovasTecnolox\u00edas.<\/li>\n<\/ul>\n","protected":false},"excerpt":{"rendered":"<p>Hablemos de Historia\u00a0es el blog de Mario Molina estudiante argentino\u00a0de Historia de 21 a\u00f1os. Hay muchas formas de colaborar en su blog si as\u00ed lo deseas. Est\u00e1 gestionado con WordPress y usa un tema muy bonito denominado vSlider, tanto me ha gustado que es uno de los que tendr\u00e9 en cuenta cuando actualice mi blog [&hellip;]<\/p>\n","protected":false},"author":1,"featured_media":0,"comment_status":"open","ping_status":"open","sticky":false,"template":"","format":"standard","meta":{"footnotes":""},"categories":[1,3],"tags":[],"class_list":["post-845","post","type-post","status-publish","format-standard","hentry","category-miscelanea","category-weblogs_herramientas_trucos_etc"],"_links":{"self":[{"href":"http:\/\/aula21.net\/aulablog21\/wp-json\/wp\/v2\/posts\/845","targetHints":{"allow":["GET"]}}],"collection":[{"href":"http:\/\/aula21.net\/aulablog21\/wp-json\/wp\/v2\/posts"}],"about":[{"href":"http:\/\/aula21.net\/aulablog21\/wp-json\/wp\/v2\/types\/post"}],"author":[{"embeddable":true,"href":"http:\/\/aula21.net\/aulablog21\/wp-json\/wp\/v2\/users\/1"}],"replies":[{"embeddable":true,"href":"http:\/\/aula21.net\/aulablog21\/wp-json\/wp\/v2\/comments?post=845"}],"version-history":[{"count":0,"href":"http:\/\/aula21.net\/aulablog21\/wp-json\/wp\/v2\/posts\/845\/revisions"}],"wp:attachment":[{"href":"http:\/\/aula21.net\/aulablog21\/wp-json\/wp\/v2\/media?parent=845"}],"wp:term":[{"taxonomy":"category","embeddable":true,"href":"http:\/\/aula21.net\/aulablog21\/wp-json\/wp\/v2\/categories?post=845"},{"taxonomy":"post_tag","embeddable":true,"href":"http:\/\/aula21.net\/aulablog21\/wp-json\/wp\/v2\/tags?post=845"}],"curies":[{"name":"wp","href":"https:\/\/api.w.org\/{rel}","templated":true}]}}