{"id":8527,"date":"2016-06-01T21:26:51","date_gmt":"2016-06-01T20:26:51","guid":{"rendered":"http:\/\/aula21.net\/aulablog21\/?p=8527"},"modified":"2016-06-01T21:50:34","modified_gmt":"2016-06-01T20:50:34","slug":"lo-que-no-se-comparte-se-pierde-junio-2016","status":"publish","type":"post","link":"http:\/\/aula21.net\/aulablog21\/archives\/2016\/06\/01\/lo-que-no-se-comparte-se-pierde-junio-2016\/","title":{"rendered":"Lo que no se comparte se pierde (junio 2016)"},"content":{"rendered":"<p style=\"text-align: center;\"><!--adsense--><\/p>\n<p style=\"text-align: justify;\"><a href=\"http:\/\/aula21.net\/aulablog21\/wp-content\/uploads\/2015\/11\/Captura-de-pantalla-2015-11-05-a-las-09.33.29.png\"><img loading=\"lazy\" decoding=\"async\" class=\"alignleft size-full wp-image-8221\" style=\"margin: 5px 19px 5px 19px;\" src=\"http:\/\/aula21.net\/aulablog21\/wp-content\/uploads\/2015\/11\/Captura-de-pantalla-2015-11-05-a-las-09.33.29.png\" alt=\"Captura de pantalla 2015-11-05 a la(s) 09.33.29\" width=\"270\" height=\"143\" \/><\/a>Hoy publico la entrega n\u00ba 8 de <strong>\u00bb Lo que no se comparte se pierde\u00bb<\/strong>, una serie de entradas peri\u00f3dicas en las que hago una breve rese\u00f1a de alguna de mis publicaciones en otros medios y de lo que m\u00e1s me ha llamado la atenci\u00f3n por su utilidad o calidad a lo largo de mi constante navegaci\u00f3n por la red.<\/p>\n<p>&nbsp;<\/p>\n<ul>\n<li>Increiblemente bonito y \u00fatil para el aula: <a href=\"http:\/\/enmarchaconlastic.educarex.es\/incio\/222-nuevo-emt\/general\/2608-sophie-en-el-camino-libro-digital-interactivo-sobre-el-camino-de-santiago\">Sophie en el Camino: libro digital interactivo y cuaderno did\u00e1ctico sobre el camino de Santiago<\/a><img loading=\"lazy\" decoding=\"async\" id=\"__wp-temp-img-id\" class=\"aligncenter\" title=\"\" src=\"http:\/\/enmarchaconlastic.educarex.es\/images\/articulospacomdlp\/librodi.png\" alt=\"\" width=\"299\" height=\"242\" \/><\/li>\n<li>El artista<a href=\"http:\/\/www.biancoshock.com\/web-00.html\" target=\"_blank\"> Biancoshock<\/a>, ha creado un espectacular proyecto titulado \u201cWEB 0.0\u201d, donde transforma las famosas redes sociales que todos usamos a diario, en parte del mobiliario urbano de un peque\u00f1o pueblo italiano, para hacernos reflexionar sobre c\u00f3mo est\u00e1 cambiando la sociedad con la llegada de internet y nuestro modo de relacionarnos.\u00a0 <a href=\"http:\/\/culturainquieta.com\/es\/lifestyle\/item\/9539-como-seria-internet-llevado-a-la-vida-real-las-redes-sociales-cobrar-vida-en-un-pequeno-pueblo-italiano.html\" target=\"_blank\">Visto en Cultura inquieta<\/a>.<br \/>\n<img loading=\"lazy\" decoding=\"async\" class=\"size-full wp-image-8562 aligncenter\" src=\"http:\/\/aula21.net\/aulablog21\/wp-content\/uploads\/2016\/06\/Captura-de-pantalla-2016-06-01-a-las-22.28.14.png\" alt=\"Captura de pantalla 2016-06-01 a la(s) 22.28.14\" width=\"341\" height=\"223\" srcset=\"http:\/\/aula21.net\/aulablog21\/wp-content\/uploads\/2016\/06\/Captura-de-pantalla-2016-06-01-a-las-22.28.14.png 341w, http:\/\/aula21.net\/aulablog21\/wp-content\/uploads\/2016\/06\/Captura-de-pantalla-2016-06-01-a-las-22.28.14-300x196.png 300w\" sizes=\"auto, (max-width: 341px) 100vw, 341px\" \/><\/li>\n<li style=\"text-align: justify;\">\n<p class=\"story-body__h1\" data-asset-uri=\"\/mundo\/video_fotos\/2016\/05\/160502_video_cosmos_nuevo_universo_lp\"><a href=\"http:\/\/www.bbc.com\/mundo\/video_fotos\/2016\/05\/160502_video_cosmos_nuevo_universo_lp\" target=\"_blank\">El video que muestra lo peque\u00f1os que somos en relaci\u00f3n al cosmos.<\/a><\/p>\n<\/li>\n<\/ul>\n<p><a href=\"http:\/\/www.bbc.com\/mundo\/video_fotos\/2016\/05\/160502_video_cosmos_nuevo_universo_lp\" target=\"_blank\"><img loading=\"lazy\" decoding=\"async\" class=\"size-full wp-image-8530 aligncenter\" src=\"http:\/\/aula21.net\/aulablog21\/wp-content\/uploads\/2016\/05\/Captura-de-pantalla-2016-05-04-a-las-17.15.14.png\" alt=\"Captura de pantalla 2016-05-04 a la(s) 17.15.14\" width=\"490\" height=\"275\" srcset=\"http:\/\/aula21.net\/aulablog21\/wp-content\/uploads\/2016\/05\/Captura-de-pantalla-2016-05-04-a-las-17.15.14.png 490w, http:\/\/aula21.net\/aulablog21\/wp-content\/uploads\/2016\/05\/Captura-de-pantalla-2016-05-04-a-las-17.15.14-300x168.png 300w\" sizes=\"auto, (max-width: 490px) 100vw, 490px\" \/><\/a><\/p>\n<ul>\n<li><a href=\"http:\/\/www.acabemosconelbullying.com\/recursos\/pdf\/BULL_profesores.pdf\" target=\"_blank\">Gu\u00eda Fundaci\u00f3n ANAR 2016<\/a> prevenci\u00f3n y actuaci\u00f3n contra el bullying y el ciberbullying.Contiene actividads did\u00e1cticas.<br \/>\n<a href=\"http:\/\/www.acabemosconelbullying.com\/recursos\/pdf\/BULL_profesores.pdf\" target=\"_blank\"><img loading=\"lazy\" decoding=\"async\" class=\"size-full wp-image-8564 aligncenter\" src=\"http:\/\/aula21.net\/aulablog21\/wp-content\/uploads\/2016\/06\/Captura-de-pantalla-2016-06-01-a-las-22.29.24.png\" alt=\"Captura de pantalla 2016-06-01 a la(s) 22.29.24\" width=\"300\" height=\"353\" srcset=\"http:\/\/aula21.net\/aulablog21\/wp-content\/uploads\/2016\/06\/Captura-de-pantalla-2016-06-01-a-las-22.29.24.png 300w, http:\/\/aula21.net\/aulablog21\/wp-content\/uploads\/2016\/06\/Captura-de-pantalla-2016-06-01-a-las-22.29.24-255x300.png 255w\" sizes=\"auto, (max-width: 300px) 100vw, 300px\" \/><\/a><\/li>\n<li><span class=\"title\"><span class=\"title\"><span class=\"title\"><a title=\" 10 recursos para combatir la violencia de g\u00e9nero entre adolescentes en la Red\" href=\"http:\/\/enmarchaconlastic.educarex.es\/incio\/229-nuevo-emt\/recursos-para-el-aula\/2617-algunos-recursos-para-combatir-la-violencia-de-genero-en-las-redes-sociales\">10 recursos para combatir la violencia de g\u00e9nero entre adolescentes en la Red.\n<p><\/a><\/span><\/span><\/span><img loading=\"lazy\" decoding=\"async\" class=\"wp-image-8559 aligncenter\" src=\"http:\/\/aula21.net\/aulablog21\/wp-content\/uploads\/2016\/06\/Captura-de-pantalla-2016-06-01-a-las-22.25.12.png\" alt=\"Captura de pantalla 2016-06-01 a la(s) 22.25.12\" width=\"365\" height=\"198\" srcset=\"http:\/\/aula21.net\/aulablog21\/wp-content\/uploads\/2016\/06\/Captura-de-pantalla-2016-06-01-a-las-22.25.12.png 727w, http:\/\/aula21.net\/aulablog21\/wp-content\/uploads\/2016\/06\/Captura-de-pantalla-2016-06-01-a-las-22.25.12-300x163.png 300w\" sizes=\"auto, (max-width: 365px) 100vw, 365px\" \/><\/li>\n<li><a href=\"http:\/\/www.juntadeandalucia.es\/educacion\/portalaverroes\/documents\/10306\/1673096\/acoso.pdf\" target=\"_blank\">No te enredes. <\/a>Gu\u00eda sobre acoso escolar y riesgos de Internet de la Junta de Andaluc\u00eda en formato pdf.<a href=\"http:\/\/www.juntadeandalucia.es\/educacion\/portalaverroes\/documents\/10306\/1673096\/acoso.pdf\" target=\"_blank\"><img loading=\"lazy\" decoding=\"async\" class=\"wp-image-8534 aligncenter\" src=\"http:\/\/aula21.net\/aulablog21\/wp-content\/uploads\/2016\/05\/Captura-de-pantalla-2016-05-08-a-las-11.08.15.png\" alt=\"Captura de pantalla 2016-05-08 a la(s) 11.08.15\" width=\"318\" height=\"256\" srcset=\"http:\/\/aula21.net\/aulablog21\/wp-content\/uploads\/2016\/05\/Captura-de-pantalla-2016-05-08-a-las-11.08.15.png 964w, http:\/\/aula21.net\/aulablog21\/wp-content\/uploads\/2016\/05\/Captura-de-pantalla-2016-05-08-a-las-11.08.15-300x241.png 300w, http:\/\/aula21.net\/aulablog21\/wp-content\/uploads\/2016\/05\/Captura-de-pantalla-2016-05-08-a-las-11.08.15-768x617.png 768w\" sizes=\"auto, (max-width: 318px) 100vw, 318px\" \/><\/a><\/li>\n<li><a href=\"https:\/\/www.etwinning.net\/eun-files\/IP-and-Education.pdf\" target=\"_blank\">Derechos de autor y propiedad intelectual en el centro educativo<\/a>. Libro en formato pdf de 216 p\u00e1ginas.<em>El objetivo principal de la investigaci\u00f3n era el de analizar c\u00f3mo la propiedad intelectual (marcas comerciales, dise\u00f1os, patentes y derechos de autor) y otros temas relacionados se ense\u00f1an en los centros educativos de primaria y secundaria de los 28 estados miembros de la Uni\u00f3n Europea.<\/em><\/li>\n<\/ul>\n<p><a href=\"https:\/\/www.etwinning.net\/eun-files\/IP-and-Education.pdf\"><img loading=\"lazy\" decoding=\"async\" class=\"wp-image-8536 aligncenter\" src=\"http:\/\/aula21.net\/aulablog21\/wp-content\/uploads\/2016\/05\/Captura-de-pantalla-2016-05-10-a-las-21.00.23.png\" alt=\"Captura de pantalla 2016-05-10 a la(s) 21.00.23\" width=\"199\" height=\"270\" srcset=\"http:\/\/aula21.net\/aulablog21\/wp-content\/uploads\/2016\/05\/Captura-de-pantalla-2016-05-10-a-las-21.00.23.png 481w, http:\/\/aula21.net\/aulablog21\/wp-content\/uploads\/2016\/05\/Captura-de-pantalla-2016-05-10-a-las-21.00.23-222x300.png 222w\" sizes=\"auto, (max-width: 199px) 100vw, 199px\" \/><\/a><\/p>\n","protected":false},"excerpt":{"rendered":"<p>Hoy publico la entrega n\u00ba 8 de \u00bb Lo que no se comparte se pierde\u00bb, una serie de entradas peri\u00f3dicas en las que hago una breve rese\u00f1a de alguna de mis publicaciones en otros medios y de lo que m\u00e1s me ha llamado la atenci\u00f3n por su utilidad o calidad a lo largo de mi [&hellip;]<\/p>\n","protected":false},"author":1,"featured_media":0,"comment_status":"closed","ping_status":"closed","sticky":false,"template":"","format":"standard","meta":{"footnotes":""},"categories":[17,37,19,8,29,43,1,7,18],"tags":[],"class_list":["post-8527","post","type-post","status-publish","format-standard","hentry","category-articulos","category-colaboraciones","category-educacion","category-educacion_e_internet","category-lecturas","category-lo-que-no-se-comparte","category-miscelanea","category-personal","category-tic"],"_links":{"self":[{"href":"http:\/\/aula21.net\/aulablog21\/wp-json\/wp\/v2\/posts\/8527","targetHints":{"allow":["GET"]}}],"collection":[{"href":"http:\/\/aula21.net\/aulablog21\/wp-json\/wp\/v2\/posts"}],"about":[{"href":"http:\/\/aula21.net\/aulablog21\/wp-json\/wp\/v2\/types\/post"}],"author":[{"embeddable":true,"href":"http:\/\/aula21.net\/aulablog21\/wp-json\/wp\/v2\/users\/1"}],"replies":[{"embeddable":true,"href":"http:\/\/aula21.net\/aulablog21\/wp-json\/wp\/v2\/comments?post=8527"}],"version-history":[{"count":19,"href":"http:\/\/aula21.net\/aulablog21\/wp-json\/wp\/v2\/posts\/8527\/revisions"}],"predecessor-version":[{"id":8579,"href":"http:\/\/aula21.net\/aulablog21\/wp-json\/wp\/v2\/posts\/8527\/revisions\/8579"}],"wp:attachment":[{"href":"http:\/\/aula21.net\/aulablog21\/wp-json\/wp\/v2\/media?parent=8527"}],"wp:term":[{"taxonomy":"category","embeddable":true,"href":"http:\/\/aula21.net\/aulablog21\/wp-json\/wp\/v2\/categories?post=8527"},{"taxonomy":"post_tag","embeddable":true,"href":"http:\/\/aula21.net\/aulablog21\/wp-json\/wp\/v2\/tags?post=8527"}],"curies":[{"name":"wp","href":"https:\/\/api.w.org\/{rel}","templated":true}]}}