{"id":8636,"date":"2017-01-15T11:22:41","date_gmt":"2017-01-15T10:22:41","guid":{"rendered":"http:\/\/aula21.net\/aulablog21\/?p=8636"},"modified":"2017-01-15T11:26:49","modified_gmt":"2017-01-15T10:26:49","slug":"lo-que-no-se-comparte-se-pierde-viii","status":"publish","type":"post","link":"http:\/\/aula21.net\/aulablog21\/archives\/2017\/01\/15\/lo-que-no-se-comparte-se-pierde-viii\/","title":{"rendered":"Lo que no se comparte se pierde (VIII)"},"content":{"rendered":"<p style=\"text-align: center;\"><!--adsense--><\/p>\n<p style=\"text-align: justify;\"><a href=\"http:\/\/aula21.net\/aulablog21\/wp-content\/uploads\/2015\/11\/Captura-de-pantalla-2015-11-05-a-las-09.33.29.png\"><img loading=\"lazy\" decoding=\"async\" class=\"alignleft size-full wp-image-8221\" style=\"margin: 5px 19px 5px 19px;\" src=\"http:\/\/aula21.net\/aulablog21\/wp-content\/uploads\/2015\/11\/Captura-de-pantalla-2015-11-05-a-las-09.33.29.png\" alt=\"Captura de pantalla 2015-11-05 a la(s) 09.33.29\" width=\"270\" height=\"143\" \/><\/a>Hoy publico la entrega n\u00ba 8 de <strong>\u00bb Lo que no se comparte se pierde\u00bb<\/strong>, una serie de entradas peri\u00f3dicas en las que hago una breve rese\u00f1a de alguna de mis publicaciones en otros medios y de lo que m\u00e1s me ha llamado la atenci\u00f3n por su utilidad o calidad a lo largo de mi constante navegaci\u00f3n por la red.<\/p>\n<ul>\n<li style=\"text-align: justify;\"><a href=\"http:\/\/www.lawandtrends.com\/noticias\/tic\/consecuencias-legales-de-discusiones-en-las.html\" target=\"_blank\">Consecuencias legales de discusiones en las redes sociales. <\/a>\u00abEn el mundo en el que nos movemos en la actualidad no resulta dif\u00edcil ver una discusi\u00f3n entre dos o m\u00e1s usuarios de una red social. Estas discusiones no se encuentran fuera de la esfera de protecci\u00f3n de la legalidad, sino que pueden acarrear consecuencias legales\u00bb.<\/li>\n<\/ul>\n<p><img loading=\"lazy\" decoding=\"async\" class=\"alignleft\" title=\"\" src=\"http:\/\/enmarchaconlastic.educarex.es\/images\/articulospacomdlp\/pdicedec.png\" alt=\"\" width=\"116\" height=\"85\" \/>He publicado <a href=\"http:\/\/enmarchaconlastic.educarex.es\/incio\/242-nuevo-emt\/pizarra-digital\/2700-6-herramientas-de-autor-para-sacar-partido-a-la-pdi-en-el-aula?utm_source=dlvr.it&amp;utm_medium=twitter\" target=\"_blank\">6 herramientas de autor para sacar partido a la PDI en el aula<br \/>\n<\/a>Asimismo recomiendo algunos bancos de recursos educativos libres asociados a cada una de ellas y para finalizar he seleccionado materiales de formaci\u00f3n para aprender a utilizarlas.<\/p>\n<ul>\n<li style=\"text-align: justify;\"><a href=\"http:\/\/enmarchaconlastic.educarex.es\/incio\/242-nuevo-emt\/pizarra-digital\/2700-6-herramientas-de-autor-para-sacar-partido-a-la-pdi-en-el-aula?utm_source=dlvr.it&amp;utm_medium=twitter\" target=\"_blank\">Acoso escolar y ciberacoso: estrategias y recursos para combatirlos <\/a>en el blog de <strong>En Marcha con las TIC<\/strong>.<\/li>\n<li style=\"text-align: justify;\"><a href=\"http:\/\/sumo.ly\/6Wgz\">Completa Gu\u00eda de Google Analytics en Espa\u00f1ol<\/a> para principiantes y novatos en la anal\u00edtica web.<\/li>\n<li style=\"text-align: justify;\"><strong>15 herramientas para crear un contenido excelente<\/strong> <a href=\"https:\/\/www.ciudadano2cero.com\/como-hacer-un-contenido-excelente\/?utm_reader=feedly\">en el blog de Ciudadano 2.0<br \/>\n<img loading=\"lazy\" decoding=\"async\" class=\"aligncenter\" title=\"\" src=\"https:\/\/www.ciudadano2cero.com\/wp-content\/uploads\/2014\/04\/como-hacer-contenido-excelente-cabecera.jpg\" alt=\"\" width=\"374\" height=\"230\" \/><\/a><\/li>\n<li style=\"text-align: justify;\"><img loading=\"lazy\" decoding=\"async\" class=\"alignleft\" title=\"\" src=\"http:\/\/enmarchaconlastic.educarex.es\/images\/articulospacomdlp\/twitter_buscar1.png\" alt=\"\" width=\"196\" height=\"137\" \/>He publicado <a href=\"http:\/\/enmarchaconlastic.educarex.es\/inicio\/244-nuevo-emt\/herramientas-2-0\/2677-twitter-momentos-una-nueva-forma-de-narrativa-digital\">Twitter Momentos: una nueva forma de narrativa digital en el aula en el blog de EMT.<br \/>\n<\/a>Es una herramienta con muchas aplicaciones en el campo educativo. Con ella podemos <strong>crear agrupaciones de tuits<\/strong>, permiti\u00e9ndonos de ese modo contar todo tipo de historias, enriquecidas con fotos, gifs y v\u00eddeos, que no es posible resumir con un \u00fanico mensaje.<\/li>\n<\/ul>\n<p>&nbsp;<\/p>\n","protected":false},"excerpt":{"rendered":"<p>Hoy publico la entrega n\u00ba 8 de \u00bb Lo que no se comparte se pierde\u00bb, una serie de entradas peri\u00f3dicas en las que hago una breve rese\u00f1a de alguna de mis publicaciones en otros medios y de lo que m\u00e1s me ha llamado la atenci\u00f3n por su utilidad o calidad a lo largo de mi [&hellip;]<\/p>\n","protected":false},"author":1,"featured_media":0,"comment_status":"open","ping_status":"closed","sticky":false,"template":"","format":"standard","meta":{"footnotes":""},"categories":[17,8,43,1,14,18],"tags":[],"class_list":["post-8636","post","type-post","status-publish","format-standard","hentry","category-articulos","category-educacion_e_internet","category-lo-que-no-se-comparte","category-miscelanea","category-recursos-variados","category-tic"],"_links":{"self":[{"href":"http:\/\/aula21.net\/aulablog21\/wp-json\/wp\/v2\/posts\/8636","targetHints":{"allow":["GET"]}}],"collection":[{"href":"http:\/\/aula21.net\/aulablog21\/wp-json\/wp\/v2\/posts"}],"about":[{"href":"http:\/\/aula21.net\/aulablog21\/wp-json\/wp\/v2\/types\/post"}],"author":[{"embeddable":true,"href":"http:\/\/aula21.net\/aulablog21\/wp-json\/wp\/v2\/users\/1"}],"replies":[{"embeddable":true,"href":"http:\/\/aula21.net\/aulablog21\/wp-json\/wp\/v2\/comments?post=8636"}],"version-history":[{"count":6,"href":"http:\/\/aula21.net\/aulablog21\/wp-json\/wp\/v2\/posts\/8636\/revisions"}],"predecessor-version":[{"id":8647,"href":"http:\/\/aula21.net\/aulablog21\/wp-json\/wp\/v2\/posts\/8636\/revisions\/8647"}],"wp:attachment":[{"href":"http:\/\/aula21.net\/aulablog21\/wp-json\/wp\/v2\/media?parent=8636"}],"wp:term":[{"taxonomy":"category","embeddable":true,"href":"http:\/\/aula21.net\/aulablog21\/wp-json\/wp\/v2\/categories?post=8636"},{"taxonomy":"post_tag","embeddable":true,"href":"http:\/\/aula21.net\/aulablog21\/wp-json\/wp\/v2\/tags?post=8636"}],"curies":[{"name":"wp","href":"https:\/\/api.w.org\/{rel}","templated":true}]}}