{"id":8672,"date":"2017-02-12T09:27:32","date_gmt":"2017-02-12T08:27:32","guid":{"rendered":"http:\/\/aula21.net\/aulablog21\/?p=8672"},"modified":"2017-02-12T09:52:01","modified_gmt":"2017-02-12T08:52:01","slug":"8672","status":"publish","type":"post","link":"http:\/\/aula21.net\/aulablog21\/archives\/2017\/02\/12\/8672\/","title":{"rendered":"Lo que no se comparte se pierde IX (feb. 2017)"},"content":{"rendered":"<p style=\"text-align: center;\"><!--adsense--><\/p>\n<p style=\"text-align: justify;\"><a href=\"http:\/\/aula21.net\/aulablog21\/wp-content\/uploads\/2015\/11\/Captura-de-pantalla-2015-11-05-a-las-09.33.29.png\"><img loading=\"lazy\" decoding=\"async\" class=\"alignleft size-full wp-image-8221\" style=\"margin: 5px 19px 5px 19px;\" src=\"http:\/\/aula21.net\/aulablog21\/wp-content\/uploads\/2015\/11\/Captura-de-pantalla-2015-11-05-a-las-09.33.29.png\" alt=\"Captura de pantalla 2015-11-05 a la(s) 09.33.29\" width=\"270\" height=\"143\" \/><\/a><\/p>\n<p style=\"text-align: justify;\">Hoy publico la entrega n\u00ba 9 de <strong>\u00bb Lo que no se comparte se pierde\u00bb<\/strong>, una serie de entradas peri\u00f3dicas en las que hago una breve rese\u00f1a de alguna de mis publicaciones en otros medios y de lo que m\u00e1s me ha llamado la atenci\u00f3n por su utilidad o calidad a lo largo de mi constante navegaci\u00f3n por la red.<\/p>\n<ul>\n<li style=\"text-align: justify;\"><img loading=\"lazy\" decoding=\"async\" class=\"alignright\" title=\"\" src=\"http:\/\/blog.educalab.es\/intef\/wp-content\/uploads\/sites\/4\/2017\/02\/miiphone.png\" alt=\"\" width=\"104\" height=\"208\" \/>Ha sido presentada <a href=\"http:\/\/blog.educalab.es\/intef\/2017\/02\/10\/edupills-la-app-de-micro-formacion-de-aprende-intef\/\" target=\"_blank\"><strong>Edupills<\/strong>, una app <\/a>de micro formaci\u00f3n para docentes, enfocada a que el profesorado, y cualquier persona interesada, adquiera y\/o desarrolle habilidades, destrezas y competencias digitales de una forma sencilla y r\u00e1pida. Est\u00e1 ya disponible para descarga gratuita tanto para Android como para iOS. <a href=\"http:\/\/blog.educalab.es\/intef\/2017\/02\/10\/edupills-la-app-de-micro-formacion-de-aprende-intef\/\" target=\"_blank\">Ampliar informaci\u00f3n<\/a>.<\/li>\n<li style=\"text-align: justify;\">He publicado un art\u00edculo con <a class=\"moduleItemTitle\" href=\"http:\/\/rincones.educarex.es\/fyq\/es\/blog1\/eventos\/item\/499-actividades-para-celebrar-en-al-aula-el-dia-internacional-de-la-mujer-y-la-nina-en-la-ciencia\">Actividades para celebrar en al aula el D\u00eda internacional de la Mujer y la Ni\u00f1a en la Ciencia<\/a>, contiene numeroso recursos de inter\u00e9s tanto para ese d\u00eda como para cualquier otro.<\/li>\n<li style=\"text-align: justify;\"><a href=\"http:\/\/enmarchaconlastic.educarex.es\/inicio\/222-nuevo-emt\/general\/2780-los-10-articulos-mas-visitados-del-2016-de-nuestro-blog\">Los 10 art\u00edculos m\u00e1s visitados en 2016 en el blog En marcha con las TIC.<\/a><\/li>\n<li style=\"text-align: justify;\">\n<div>Os animo a participar en el <a href=\"http:\/\/rincones.educarex.es\/fyq\/es\/blog1\/recursos-destacados\/item\/495-el-concurso-escolar-hazlo-verde-dirigido-a-alumnos-de-primaria\" target=\"_blank\">Concurso Escolar Hazlo Verde.<\/a> est\u00e1 dirigido a los alumnos de Primaria. El objetivo es convertir a tus alumnos en \u00abembajadores del medioambiente\u00bb, por eso cada grupo-aula deber\u00e1 presentar un \u00fanico trabajo que recoja una idea o proyecto para crear un h\u00e1bitat mejor.En cualquier caso os pod\u00e9is descargar unos materiales did\u00e1cticos extraordinarios.<\/div>\n<\/li>\n<\/ul>\n<p><a href=\"http:\/\/rincones.educarex.es\/fyq\/es\/blog1\/recursos-destacados\/item\/495-el-concurso-escolar-hazlo-verde-dirigido-a-alumnos-de-primaria\" target=\"_blank\"><img loading=\"lazy\" decoding=\"async\" class=\"wp-image-8673 aligncenter\" style=\"border-width: 1px;\" src=\"http:\/\/aula21.net\/aulablog21\/wp-content\/uploads\/2017\/02\/C3uMm5mUMAEbiXo.jpg_small.jpg\" width=\"463\" height=\"243\" srcset=\"http:\/\/aula21.net\/aulablog21\/wp-content\/uploads\/2017\/02\/C3uMm5mUMAEbiXo.jpg_small.jpg 680w, http:\/\/aula21.net\/aulablog21\/wp-content\/uploads\/2017\/02\/C3uMm5mUMAEbiXo.jpg_small-300x158.jpg 300w\" sizes=\"auto, (max-width: 463px) 100vw, 463px\" \/><\/a><\/p>\n<ul>\n<ul>\n<li>Una nueva y magn\u00edfica s<a href=\"http:\/\/recursostic.educacion.es\/multidisciplinar\/itfor\/web\/sites\/default\/files\/recursos\/cambiosdeestadodelamateria\/html\/index.html\" target=\"_blank\">ecuencia did\u00e1ctica sobre los cambios de estado de la materia <\/a>he incorporado al Rinc\u00f3n de F\u00edsica y Qu\u00edmica de EducarEx.<\/li>\n<li>En Xataka \u00abQuiero grabar v\u00eddeo con un m\u00f3vil, <a href=\"https:\/\/www.xatakamovil.com\/xatakamovil\/quiero-grabar-video-con-un-movil-cuales-son-las-mejores-opciones\" target=\"_blank\">\u00bfcu\u00e1les son las mejores opciones?<\/a>\u00ab<\/li>\n<li style=\"text-align: justify;\"><strong>Twitter <\/strong>lanz\u00f3 a principios de octubre la posibilidad de<strong> crear\u00a0 \u201cMomentos\u201d <\/strong>para todos sus usuarios, opci\u00f3n que hasta la fecha estaba reservada al equipo editorial del propio Twitter y a algunos medios de comunicaci\u00f3n muy influyentes. Es una herramienta con muchas aplicaciones en el campo educativo. Con ella podemos <strong>crear agrupaciones de tuits <\/strong>y he publicado sobre ello este art\u00edculo<strong>: <\/strong><a href=\"http:\/\/enmarchaconlastic.educarex.es\/inicio\/244-nuevo-emt\/herramientas-2-0\/2677-twitter-momentos-una-nueva-forma-de-narrativa-digital\">Twitter Momentos: una nueva forma de narrativa digital en el aula.<\/a><\/li>\n<li style=\"text-align: justify;\">Para finalizar, el trabajo de unos estudiantes del <a href=\"https:\/\/www.ccad.edu\/\">Columbus College of Art &amp; Design,<\/a> consist\u00eda en ilustrar los <strong>elementos de la tabla peri\u00f3dica con animaciones de 6 segundos <\/strong>por elemento qu\u00edmico.<strong><br \/>\n<\/strong><\/li>\n<\/ul>\n<\/ul>\n<p><center><iframe loading=\"lazy\" src=\"https:\/\/player.vimeo.com\/video\/195853673\" width=\"460\" height=\"360\" frameborder=\"0\" allowfullscreen=\"allowfullscreen\"><\/iframe><\/center><\/p>\n","protected":false},"excerpt":{"rendered":"<p>Hoy publico la entrega n\u00ba 9 de \u00bb Lo que no se comparte se pierde\u00bb, una serie de entradas peri\u00f3dicas en las que hago una breve rese\u00f1a de alguna de mis publicaciones en otros medios y de lo que m\u00e1s me ha llamado la atenci\u00f3n por su utilidad o calidad a lo largo de mi [&hellip;]<\/p>\n","protected":false},"author":1,"featured_media":0,"comment_status":"open","ping_status":"closed","sticky":false,"template":"","format":"standard","meta":{"footnotes":""},"categories":[17,37,8,14,18],"tags":[],"class_list":["post-8672","post","type-post","status-publish","format-standard","hentry","category-articulos","category-colaboraciones","category-educacion_e_internet","category-recursos-variados","category-tic"],"_links":{"self":[{"href":"http:\/\/aula21.net\/aulablog21\/wp-json\/wp\/v2\/posts\/8672","targetHints":{"allow":["GET"]}}],"collection":[{"href":"http:\/\/aula21.net\/aulablog21\/wp-json\/wp\/v2\/posts"}],"about":[{"href":"http:\/\/aula21.net\/aulablog21\/wp-json\/wp\/v2\/types\/post"}],"author":[{"embeddable":true,"href":"http:\/\/aula21.net\/aulablog21\/wp-json\/wp\/v2\/users\/1"}],"replies":[{"embeddable":true,"href":"http:\/\/aula21.net\/aulablog21\/wp-json\/wp\/v2\/comments?post=8672"}],"version-history":[{"count":10,"href":"http:\/\/aula21.net\/aulablog21\/wp-json\/wp\/v2\/posts\/8672\/revisions"}],"predecessor-version":[{"id":8683,"href":"http:\/\/aula21.net\/aulablog21\/wp-json\/wp\/v2\/posts\/8672\/revisions\/8683"}],"wp:attachment":[{"href":"http:\/\/aula21.net\/aulablog21\/wp-json\/wp\/v2\/media?parent=8672"}],"wp:term":[{"taxonomy":"category","embeddable":true,"href":"http:\/\/aula21.net\/aulablog21\/wp-json\/wp\/v2\/categories?post=8672"},{"taxonomy":"post_tag","embeddable":true,"href":"http:\/\/aula21.net\/aulablog21\/wp-json\/wp\/v2\/tags?post=8672"}],"curies":[{"name":"wp","href":"https:\/\/api.w.org\/{rel}","templated":true}]}}