{"id":87,"date":"2004-11-07T12:18:42","date_gmt":"2004-11-07T11:18:42","guid":{"rendered":"http:\/\/127.0.0.1\/wordpress2\/index.php\/archives\/2004\/11\/07\/las-tic-en-la-ensenanza-posibilidades-y-retos\/"},"modified":"2004-12-18T22:48:04","modified_gmt":"2004-12-18T21:48:04","slug":"las-tic-en-la-ensenanza-posibilidades-y-retos","status":"publish","type":"post","link":"http:\/\/aula21.net\/aulablog21\/archives\/2004\/11\/07\/las-tic-en-la-ensenanza-posibilidades-y-retos\/","title":{"rendered":"Las TIC en la ense\u00f1anza: posibilidades y retos"},"content":{"rendered":"<p>&quot;Las <span class=\"caps\">TIC<\/span> en la ense\u00f1anza: posibilidades y retos&quot; es el t\u00edtulo de la lecci\u00f3n inagural impartida por Martin Carnoy (Universidad de Stanford) en la inaguraci\u00f3n del curso 2004-2005 en la Universidad Oberta de Catalu\u00f1a.<br \/>El autor reflexiona sobre el papel de las TIC en el \u00e1mbito educativo. Plantea algunos temas fundamentales y se cuestiona la adecuaci\u00f3n de las <span class=\"caps\">TIC<\/span> a la hora de transmitir conocimientos, especialmente cuando los alumnos no est\u00e1n lo suficientemente motivados para aprender y no est\u00e1n acostumbrados a utilizar informaci\u00f3n e interpretarla.<br \/>Nos plantea entre otras cosas que aunque las escuelas tienen cada vez m\u00e1s acceso a las <span class=\"caps\">TIC<\/span>, la presencia de las nuevas tecnolog\u00edas dentro de la metodolog\u00eda de ense\u00f1anza todav\u00eda es muy escasa. La falta de formaci\u00f3n es lo que lo dificulta: muchos maestros no poseen conocimientos inform\u00e1ticos suficientes para sentirse c\u00f3modos emple\u00e1ndolas, ni formaci\u00f3n espec\u00edfica para aplicar los nuevos recursos en el aula. En el \u00e1mbito universitario, las <span class=\"caps\">TIC<\/span> est\u00e1n bastante m\u00e1s presentes, tanto en la ense\u00f1anza, como en la investigaci\u00f3n, y tambi\u00e9n en la administraci\u00f3n, pero, salvo excepciones, hay pocas realidades con modelos pedag\u00f3gicos que se basen en ellas, y a\u00fan se constata una fuerte preferencia social por la ense\u00f1anza tradicional.<br \/>Os pode\u00eds descargar <a href=\"http:\/\/www.uoc.edu\/inaugural04\/esp\/index.html\">el texto completo en esta p\u00e1gina<\/a> (pdf). Merece la pena es una gran trabajo.<\/p>\n","protected":false},"excerpt":{"rendered":"<p>&quot;Las TIC en la ense\u00f1anza: posibilidades y retos&quot; es el t\u00edtulo de la lecci\u00f3n inagural impartida por Martin Carnoy (Universidad de Stanford) en la inaguraci\u00f3n del curso 2004-2005 en la Universidad Oberta de Catalu\u00f1a.El autor reflexiona sobre el papel de las TIC en el \u00e1mbito educativo. Plantea algunos temas fundamentales y se cuestiona la adecuaci\u00f3n [&hellip;]<\/p>\n","protected":false},"author":1,"featured_media":0,"comment_status":"open","ping_status":"open","sticky":false,"template":"","format":"standard","meta":{"footnotes":""},"categories":[8],"tags":[],"class_list":["post-87","post","type-post","status-publish","format-standard","hentry","category-educacion_e_internet"],"_links":{"self":[{"href":"http:\/\/aula21.net\/aulablog21\/wp-json\/wp\/v2\/posts\/87","targetHints":{"allow":["GET"]}}],"collection":[{"href":"http:\/\/aula21.net\/aulablog21\/wp-json\/wp\/v2\/posts"}],"about":[{"href":"http:\/\/aula21.net\/aulablog21\/wp-json\/wp\/v2\/types\/post"}],"author":[{"embeddable":true,"href":"http:\/\/aula21.net\/aulablog21\/wp-json\/wp\/v2\/users\/1"}],"replies":[{"embeddable":true,"href":"http:\/\/aula21.net\/aulablog21\/wp-json\/wp\/v2\/comments?post=87"}],"version-history":[{"count":0,"href":"http:\/\/aula21.net\/aulablog21\/wp-json\/wp\/v2\/posts\/87\/revisions"}],"wp:attachment":[{"href":"http:\/\/aula21.net\/aulablog21\/wp-json\/wp\/v2\/media?parent=87"}],"wp:term":[{"taxonomy":"category","embeddable":true,"href":"http:\/\/aula21.net\/aulablog21\/wp-json\/wp\/v2\/categories?post=87"},{"taxonomy":"post_tag","embeddable":true,"href":"http:\/\/aula21.net\/aulablog21\/wp-json\/wp\/v2\/tags?post=87"}],"curies":[{"name":"wp","href":"https:\/\/api.w.org\/{rel}","templated":true}]}}