{"id":8708,"date":"2017-03-16T09:02:32","date_gmt":"2017-03-16T08:02:32","guid":{"rendered":"http:\/\/aula21.net\/aulablog21\/?p=8708"},"modified":"2017-03-16T10:14:10","modified_gmt":"2017-03-16T09:14:10","slug":"nueva-presentacion-sobre-el-uso-educativo-de-las-redes-sociales","status":"publish","type":"post","link":"http:\/\/aula21.net\/aulablog21\/archives\/2017\/03\/16\/nueva-presentacion-sobre-el-uso-educativo-de-las-redes-sociales\/","title":{"rendered":"Nueva presentaci\u00f3n sobre el uso educativo de las redes sociales"},"content":{"rendered":"<p><a href=\"http:\/\/www.slideshare.net\/luciaag\/uso-educativo-de-las-redes-sociales-73167727\" target=\"_blank\">La presentaci\u00f3n<\/a> ha sido creada por <a href=\"http:\/\/www.luciaalvarez.com\/\" target=\"_blank\">Luc\u00eda \u00c1lvarez<\/a> (<a href=\"https:\/\/twitter.com\/luciaalvarez\" target=\"_blank\">@luciaalvarez<\/a>).<\/p>\n<p style=\"text-align: center;\"><!--adsense--><\/p>\n<p>Luc\u00eda es profesora de Educaci\u00f3n Pl\u00e1stica y Visual, dibujo y afines en el IES Valle de Aller de Moreda y a trav\u00e9s de su blog y sus espacios complementarios muestra desde el a\u00f1o 2007 las posibilidades did\u00e1cticas que las TIC-TAC, la Web 2.0, la red y los dispositivos m\u00f3viles ofrecen, <a href=\"http:\/\/www.luciaalvarez.com\/\" target=\"_blank\">visitarla es un acierto<\/a>.<\/p>\n<p><iframe loading=\"lazy\" style=\"border: 1px solid #CCC; border-width: 1px; margin-bottom: 5px; max-width: 100%;\" src=\"\/\/www.slideshare.net\/slideshow\/embed_code\/key\/lbutYEEmbAZZZH\" width=\"595\" height=\"485\" frameborder=\"0\" marginwidth=\"0\" marginheight=\"0\" scrolling=\"no\" allowfullscreen=\"allowfullscreen\"> <\/iframe><\/p>\n","protected":false},"excerpt":{"rendered":"<p>La presentaci\u00f3n ha sido creada por Luc\u00eda \u00c1lvarez (@luciaalvarez). Luc\u00eda es profesora de Educaci\u00f3n Pl\u00e1stica y Visual, dibujo y afines en el IES Valle de Aller de Moreda y a trav\u00e9s de su blog y sus espacios complementarios muestra desde el a\u00f1o 2007 las posibilidades did\u00e1cticas que las TIC-TAC, la Web 2.0, la red y [&hellip;]<\/p>\n","protected":false},"author":1,"featured_media":0,"comment_status":"open","ping_status":"closed","sticky":false,"template":"","format":"standard","meta":{"footnotes":""},"categories":[39,22],"tags":[],"class_list":["post-8708","post","type-post","status-publish","format-standard","hentry","category-redes-sociales","category-slideshare"],"_links":{"self":[{"href":"http:\/\/aula21.net\/aulablog21\/wp-json\/wp\/v2\/posts\/8708","targetHints":{"allow":["GET"]}}],"collection":[{"href":"http:\/\/aula21.net\/aulablog21\/wp-json\/wp\/v2\/posts"}],"about":[{"href":"http:\/\/aula21.net\/aulablog21\/wp-json\/wp\/v2\/types\/post"}],"author":[{"embeddable":true,"href":"http:\/\/aula21.net\/aulablog21\/wp-json\/wp\/v2\/users\/1"}],"replies":[{"embeddable":true,"href":"http:\/\/aula21.net\/aulablog21\/wp-json\/wp\/v2\/comments?post=8708"}],"version-history":[{"count":8,"href":"http:\/\/aula21.net\/aulablog21\/wp-json\/wp\/v2\/posts\/8708\/revisions"}],"predecessor-version":[{"id":8716,"href":"http:\/\/aula21.net\/aulablog21\/wp-json\/wp\/v2\/posts\/8708\/revisions\/8716"}],"wp:attachment":[{"href":"http:\/\/aula21.net\/aulablog21\/wp-json\/wp\/v2\/media?parent=8708"}],"wp:term":[{"taxonomy":"category","embeddable":true,"href":"http:\/\/aula21.net\/aulablog21\/wp-json\/wp\/v2\/categories?post=8708"},{"taxonomy":"post_tag","embeddable":true,"href":"http:\/\/aula21.net\/aulablog21\/wp-json\/wp\/v2\/tags?post=8708"}],"curies":[{"name":"wp","href":"https:\/\/api.w.org\/{rel}","templated":true}]}}