{"id":872,"date":"2006-06-03T13:04:14","date_gmt":"2006-06-03T12:04:14","guid":{"rendered":"http:\/\/127.0.0.1\/wordpress2\/index.php\/archives\/2006\/06\/03\/el-vicepreseidente-de-la-junta-y-los-blogs-en-efindex\/"},"modified":"2006-06-18T13:49:25","modified_gmt":"2006-06-18T12:49:25","slug":"el-vicepreseidente-de-la-junta-y-los-blogs-en-efindex","status":"publish","type":"post","link":"http:\/\/aula21.net\/aulablog21\/archives\/2006\/06\/03\/el-vicepreseidente-de-la-junta-y-los-blogs-en-efindex\/","title":{"rendered":"Los blogs en efindex"},"content":{"rendered":"<p><a href=\"http:\/\/iessapostol.juntaextremadura.net\/blogs\/index.php?blog=1&#038;title=la_presentacion_de_las_jornadas_efindex_&#038;more=1&#038;c=1&#038;tb=1&#038;pb=1\">En el blog del IES Santiago Ap\u00f3stol<\/a> y en el <a href=\"http:\/\/mangasverdes.es\/2006\/06\/03\/2500-millones-de-blogs\/\">blog de Manuel Almeida<\/a> se hacen eco de Las Jornadas <a href=\"http:\/\/www.efindex.es\/\" target=\"_blank\">efindex<\/a> que tendr\u00e1n lugar del 16 al 18 de junio en C\u00e1ceres,\u00a0organizadas por la Asociaci\u00f3n Las Ideas, la Fundaci\u00f3n Ciudadan\u00eda y la Asociaci\u00f3n Regional de Universidades Populares de Extremadura (AUPEX). Su objetivo es reflexionar sobre la blogosfera como herramienta de participaci\u00f3n ciudadana y las nuevas tecnolog\u00edas.<\/p>\n<p>Algunoz &quot;gazapos&quot; detectados por estos avezados blogeros:<\/p>\n<p>Manuel se\u00f1ala :<\/p>\n<div class=\"storycontent\">\n<blockquote>\n<p>\u201cSeg\u00fan dijo [Juan Jos\u00e9 Salado, director general de la Fundaci\u00f3n Ciudadan\u00eda], <strong>en el mundo hay unos 2.500 millones de blogs<\/strong> y 12.538 en Extremadura, y record\u00f3 que un blog es una p\u00e1gina web, con un sistema de publicaci\u00f3n de art\u00edculos, que pueden tener uno o varios autores y, que pueden ser de lo m\u00e1s diverso, \u201cdesde los que comentan la actualidad hasta los que aportan noticias, reflexi\u00f3n o an\u00e1lisis\u201d.<\/p>\n<\/blockquote>\n<p>Hay que ver c\u00f3mo se les va la olla a algunos cuando intentan hablar de blogs. \u00bfPero al director general o al redactor? Si <a href=\"http:\/\/www.finanzas.com\/id.9078753\/noticias\/noticia.htm\">Technorati <\/a>\u2018apenas\u2019 roza los 43 millones.<\/p>\n<p><strong>Fuente:<\/strong> <a href=\"http:\/\/www.finanzas.com\/id.9078753\/noticias\/noticia.htm\">\u2018C\u00e1ceres debatir\u00e1 tres d\u00edas sobre los blogs como foros reflexi\u00f3n\u2019 (Finanzas.com)<\/a> en teletipo de Efe <\/p>\n<\/div>\n<p><a href=\"http:\/\/iessapostol.juntaextremadura.net\/blogs\/index.php?blog=1&#038;title=la_presentacion_de_las_jornadas_efindex_&#038;more=1&#038;c=1&#038;tb=1&#038;pb=1\">Y Carlos se\u00f1ala otros<\/a>, al hilo de la noticia aparecida en el diario HOY.<\/p>\n<p \/>\n<p>Yo a\u00f1ado algunas otras cosillas que no alcanzo a comprender dichas por el Vicepresidente de la Junta:<\/p>\n<ul>\n<li><em><a href=\"http:\/\/www.finanzas.com\/id.9078753\/noticias\/noticia.htm\">el vicepresidente de la Junta de Extremadura<\/a>, que destac\u00f3 que estas son las primeras jornadas que se hacen en Espa\u00f1a sobre el fen\u00f3meno &quot;blog&quot;, y a\u00f1adi\u00f3 que dado que este fen\u00f3meno se encuentra en una fase inicial, casi infantil, todav\u00eda no se puede predecir si va a tener m\u00e1s beneficio que inconvenientes.<\/em><\/li>\n<\/ul>\n<p>\u00bf Las primeras jornadas en Espa\u00f1a?, \u00bffen\u00f3meno en su etapa inicial? \u00bfinfantil? \u00bfinconvenientes? ????<\/p>\n<p>Cuanto indocumentado hay suelto, no sabemos si el indocumentado es el Vicepresidente o los redactores de la noticia.<br \/>Por supuesto ninguna referencia de nuevo a los Edublogs, la Consejer\u00eda de Educaci\u00f3n que dice liderar el uso de las TIC en Espa\u00f1a tampoco le presta atenci\u00f3n alguna al fen\u00f3meno.<\/p>\n<p>Por cierto seg\u00fan Alianzo <a href=\"http:\/\/www.alianzo.com\/ranking-blogs\/index.php?comunidad=13\">mi blog es el 2\u00ba en el ranking extreme\u00f1o<\/a>\u00a0y el <a href=\"http:\/\/www.bitacoras.com\/top500\/index2.php\" target=\"_blank\">124 a nivel nacional seg\u00fan el Top 500<\/a><\/p>\n","protected":false},"excerpt":{"rendered":"<p>En el blog del IES Santiago Ap\u00f3stol y en el blog de Manuel Almeida se hacen eco de Las Jornadas efindex que tendr\u00e1n lugar del 16 al 18 de junio en C\u00e1ceres,\u00a0organizadas por la Asociaci\u00f3n Las Ideas, la Fundaci\u00f3n Ciudadan\u00eda y la Asociaci\u00f3n Regional de Universidades Populares de Extremadura (AUPEX). Su objetivo es reflexionar sobre [&hellip;]<\/p>\n","protected":false},"author":1,"featured_media":0,"comment_status":"open","ping_status":"open","sticky":false,"template":"","format":"standard","meta":{"footnotes":""},"categories":[3],"tags":[],"class_list":["post-872","post","type-post","status-publish","format-standard","hentry","category-weblogs_herramientas_trucos_etc"],"_links":{"self":[{"href":"http:\/\/aula21.net\/aulablog21\/wp-json\/wp\/v2\/posts\/872","targetHints":{"allow":["GET"]}}],"collection":[{"href":"http:\/\/aula21.net\/aulablog21\/wp-json\/wp\/v2\/posts"}],"about":[{"href":"http:\/\/aula21.net\/aulablog21\/wp-json\/wp\/v2\/types\/post"}],"author":[{"embeddable":true,"href":"http:\/\/aula21.net\/aulablog21\/wp-json\/wp\/v2\/users\/1"}],"replies":[{"embeddable":true,"href":"http:\/\/aula21.net\/aulablog21\/wp-json\/wp\/v2\/comments?post=872"}],"version-history":[{"count":0,"href":"http:\/\/aula21.net\/aulablog21\/wp-json\/wp\/v2\/posts\/872\/revisions"}],"wp:attachment":[{"href":"http:\/\/aula21.net\/aulablog21\/wp-json\/wp\/v2\/media?parent=872"}],"wp:term":[{"taxonomy":"category","embeddable":true,"href":"http:\/\/aula21.net\/aulablog21\/wp-json\/wp\/v2\/categories?post=872"},{"taxonomy":"post_tag","embeddable":true,"href":"http:\/\/aula21.net\/aulablog21\/wp-json\/wp\/v2\/tags?post=872"}],"curies":[{"name":"wp","href":"https:\/\/api.w.org\/{rel}","templated":true}]}}