{"id":873,"date":"2006-06-03T15:59:25","date_gmt":"2006-06-03T14:59:25","guid":{"rendered":"http:\/\/127.0.0.1\/wordpress2\/index.php\/archives\/2006\/06\/03\/crisis-en-el-sistema-educativo-chileno\/"},"modified":"2006-06-03T16:43:13","modified_gmt":"2006-06-03T15:43:13","slug":"crisis-en-el-sistema-educativo-chileno","status":"publish","type":"post","link":"http:\/\/aula21.net\/aulablog21\/archives\/2006\/06\/03\/crisis-en-el-sistema-educativo-chileno\/","title":{"rendered":"Crisis en el sistema educativo chileno"},"content":{"rendered":"<p><em>&quot;Las estudiantes chilenos\u00a0marcharon el martes y mi\u00e9rcoles de esta semana, en la mayor <strong>movilizaci\u00f3n estudiantil <\/strong>de los \u00faltimos 30 a\u00f1os en Chile, para exigir\u00a0 la derogaci\u00f3n de la Ley Org\u00e1nica de Ense\u00f1anza<\/em> .<em>M\u00e1s de 500.000 estudiantes participaron en una protesta llevada a cabo esta semana&quot;. <\/em><\/p>\n<p><em>&quot;Los estudiantes secundarios chilenos rechazaron la respuesta de la presidenta Michelle Bachelet a sus demandas y acordaron continuar las protestas que iniciaron hace cuatro d\u00edas, informaron los l\u00edderes del movimiento tras un infructuoso di\u00e1logo con el ministro de Educaci\u00f3n, Mart\u00edn Zilic&quot;.<\/em> <\/p>\n<p><em><a href=\"http:\/\/news.bbc.co.uk\/hi\/spanish\/latin_america\/newsid_5043000\/5043378.stm\">Chile estudiantes insatisfechos<\/a> en la BBC en espa\u00f1ol. <a href=\"http:\/\/www.atinachile.cl\/\">M\u00e1s noticias en Atina Chile<\/a>\u00a0, en <a href=\"http:\/\/www.educandonos.cl\/\" target=\"_blank\">Educ\u00e1ndonos<\/a> y\u00a0en <a href=\"http:\/\/news.google.es\/nwshp?hl=es&#038;tab=wn&#038;q=chile%20educacion\" target=\"_blank\">Google News<\/a><br \/><\/em>\u00bfTendremos que llegar a un deterioro a\u00fan mayor de nuestro sistema educativo para movilizarnos?.<br \/>Me ha llamado la atenci\u00f3n ver como muchos j\u00f3venes usan sus blogs para protestar:<\/p>\n<p><!--StartFragment --><\/><\/p>\n<p><strong><font color=\"#669922\"><a href=\"http:\/\/liceobenja.blogspot.com\/\">http:\/\/liceobenja.blogspot.com\/<\/a><\/font><\/strong><\/p>\n<p><a href=\"http:\/\/lastarrinos.blogspot.com\/\"><strong><font color=\"#669922\">http:\/\/lastarrinos.blogspot.com\/<\/font><\/strong><\/a><\/p>\n<p><a href=\"http:\/\/www.fotolog.com\/liceo_lastarria\"><strong><font color=\"#669922\">http:\/\/www.fotolog.com\/liceo_lastarria<\/font><\/strong><\/a><\/p>\n<p>Los blogs pueden ser los nuevos protagonistas de la democracia, \u00bf escucharemos decir a alg\u00fan pol\u00edtico en la pr\u00f3ximas elecciones &quot;blogu\u00e9alo&quot; en lugar de &quot;p\u00e1sal\u00f3&quot;?<\/p>\n<p \/>\n<div class=\"sh\"><\/div>\n<p><numerosos \/><\/numerosos><\/p>\n<p \/><\/p>\n","protected":false},"excerpt":{"rendered":"<p>&quot;Las estudiantes chilenos\u00a0marcharon el martes y mi\u00e9rcoles de esta semana, en la mayor movilizaci\u00f3n estudiantil de los \u00faltimos 30 a\u00f1os en Chile, para exigir\u00a0 la derogaci\u00f3n de la Ley Org\u00e1nica de Ense\u00f1anza .M\u00e1s de 500.000 estudiantes participaron en una protesta llevada a cabo esta semana&quot;. &quot;Los estudiantes secundarios chilenos rechazaron la respuesta de la presidenta [&hellip;]<\/p>\n","protected":false},"author":1,"featured_media":0,"comment_status":"open","ping_status":"open","sticky":false,"template":"","format":"standard","meta":{"footnotes":""},"categories":[8,2],"tags":[],"class_list":["post-873","post","type-post","status-publish","format-standard","hentry","category-educacion_e_internet","category-weblogs_en_el_aula"],"_links":{"self":[{"href":"http:\/\/aula21.net\/aulablog21\/wp-json\/wp\/v2\/posts\/873","targetHints":{"allow":["GET"]}}],"collection":[{"href":"http:\/\/aula21.net\/aulablog21\/wp-json\/wp\/v2\/posts"}],"about":[{"href":"http:\/\/aula21.net\/aulablog21\/wp-json\/wp\/v2\/types\/post"}],"author":[{"embeddable":true,"href":"http:\/\/aula21.net\/aulablog21\/wp-json\/wp\/v2\/users\/1"}],"replies":[{"embeddable":true,"href":"http:\/\/aula21.net\/aulablog21\/wp-json\/wp\/v2\/comments?post=873"}],"version-history":[{"count":0,"href":"http:\/\/aula21.net\/aulablog21\/wp-json\/wp\/v2\/posts\/873\/revisions"}],"wp:attachment":[{"href":"http:\/\/aula21.net\/aulablog21\/wp-json\/wp\/v2\/media?parent=873"}],"wp:term":[{"taxonomy":"category","embeddable":true,"href":"http:\/\/aula21.net\/aulablog21\/wp-json\/wp\/v2\/categories?post=873"},{"taxonomy":"post_tag","embeddable":true,"href":"http:\/\/aula21.net\/aulablog21\/wp-json\/wp\/v2\/tags?post=873"}],"curies":[{"name":"wp","href":"https:\/\/api.w.org\/{rel}","templated":true}]}}