{"id":8819,"date":"2017-11-18T12:48:43","date_gmt":"2017-11-18T11:48:43","guid":{"rendered":"http:\/\/aula21.net\/aulablog21\/?p=8819"},"modified":"2017-11-18T12:53:06","modified_gmt":"2017-11-18T11:53:06","slug":"guia-sobre-el-aprendizaje-basado-en-retos","status":"publish","type":"post","link":"http:\/\/aula21.net\/aulablog21\/archives\/2017\/11\/18\/guia-sobre-el-aprendizaje-basado-en-retos\/","title":{"rendered":"Gu\u00eda sobre el Aprendizaje Basado en Retos"},"content":{"rendered":"<p>El Aprendizaje Basado en Retos es un enfoque pedag\u00f3gico que involucra activamente al estudiante en una situaci\u00f3n problem\u00e1tica real, relevante y de vinculaci\u00f3n con el entorno, la cual implica la definici\u00f3n de un reto y la implementaci\u00f3n de una soluci\u00f3n.<\/p>\n<p>Es una iniciativa introducida por Apple originalmente para su uso en la educaci\u00f3n K-12, pero ahora se utiliza en la educaci\u00f3n superior tambi\u00e9n.<br \/>\nEl Observatorio Tecnol\u00f3gico de Monterrey nos ofrece esta cuidada y <a href=\"https:\/\/drive.google.com\/file\/d\/0B0OtiEvBUyLfbGdRX190SG5oSVE\/view\" rel=\"noopener\" target=\"_blank\">completa g\u00faia<\/a> sobre el tema.<\/p>\n<p style=\"text-align: center;\"><!--adsense--><\/p>\n<p><a href=\"https:\/\/goo.gl\/dA3ux8\" target=\"_blank\" rel=\"noopener\"><img loading=\"lazy\" decoding=\"async\" class=\"aligncenter wp-image-8820\" src=\"http:\/\/aula21.net\/aulablog21\/wp-content\/uploads\/2017\/11\/Captura-de-pantalla-2017-11-18-a-las-12.47.05.png\" alt=\"\" width=\"457\" height=\"519\" srcset=\"http:\/\/aula21.net\/aulablog21\/wp-content\/uploads\/2017\/11\/Captura-de-pantalla-2017-11-18-a-las-12.47.05.png 577w, http:\/\/aula21.net\/aulablog21\/wp-content\/uploads\/2017\/11\/Captura-de-pantalla-2017-11-18-a-las-12.47.05-264x300.png 264w\" sizes=\"auto, (max-width: 457px) 100vw, 457px\" \/><\/a><\/p>\n","protected":false},"excerpt":{"rendered":"<p>El Aprendizaje Basado en Retos es un enfoque pedag\u00f3gico que involucra activamente al estudiante en una situaci\u00f3n problem\u00e1tica real, relevante y de vinculaci\u00f3n con el entorno, la cual implica la definici\u00f3n de un reto y la implementaci\u00f3n de una soluci\u00f3n. Es una iniciativa introducida por Apple originalmente para su uso en la educaci\u00f3n K-12, pero [&hellip;]<\/p>\n","protected":false},"author":1,"featured_media":0,"comment_status":"open","ping_status":"closed","sticky":false,"template":"","format":"standard","meta":{"footnotes":""},"categories":[42,19,38,29,14,18],"tags":[],"class_list":["post-8819","post","type-post","status-publish","format-standard","hentry","category-buenas-practicas","category-educacion","category-formacion","category-lecturas","category-recursos-variados","category-tic"],"_links":{"self":[{"href":"http:\/\/aula21.net\/aulablog21\/wp-json\/wp\/v2\/posts\/8819","targetHints":{"allow":["GET"]}}],"collection":[{"href":"http:\/\/aula21.net\/aulablog21\/wp-json\/wp\/v2\/posts"}],"about":[{"href":"http:\/\/aula21.net\/aulablog21\/wp-json\/wp\/v2\/types\/post"}],"author":[{"embeddable":true,"href":"http:\/\/aula21.net\/aulablog21\/wp-json\/wp\/v2\/users\/1"}],"replies":[{"embeddable":true,"href":"http:\/\/aula21.net\/aulablog21\/wp-json\/wp\/v2\/comments?post=8819"}],"version-history":[{"count":4,"href":"http:\/\/aula21.net\/aulablog21\/wp-json\/wp\/v2\/posts\/8819\/revisions"}],"predecessor-version":[{"id":8824,"href":"http:\/\/aula21.net\/aulablog21\/wp-json\/wp\/v2\/posts\/8819\/revisions\/8824"}],"wp:attachment":[{"href":"http:\/\/aula21.net\/aulablog21\/wp-json\/wp\/v2\/media?parent=8819"}],"wp:term":[{"taxonomy":"category","embeddable":true,"href":"http:\/\/aula21.net\/aulablog21\/wp-json\/wp\/v2\/categories?post=8819"},{"taxonomy":"post_tag","embeddable":true,"href":"http:\/\/aula21.net\/aulablog21\/wp-json\/wp\/v2\/tags?post=8819"}],"curies":[{"name":"wp","href":"https:\/\/api.w.org\/{rel}","templated":true}]}}