{"id":8832,"date":"2018-01-28T10:56:24","date_gmt":"2018-01-28T09:56:24","guid":{"rendered":"http:\/\/aula21.net\/aulablog21\/?p=8832"},"modified":"2018-01-28T11:09:37","modified_gmt":"2018-01-28T10:09:37","slug":"lo-que-no-se-comparte-se-pierde-xi-enero-2018","status":"publish","type":"post","link":"http:\/\/aula21.net\/aulablog21\/archives\/2018\/01\/28\/lo-que-no-se-comparte-se-pierde-xi-enero-2018\/","title":{"rendered":"Lo que no se comparte se pierde XI (enero 2018)"},"content":{"rendered":"<p style=\"text-align: justify;\"><a href=\"http:\/\/aula21.net\/aulablog21\/wp-content\/uploads\/2015\/11\/Captura-de-pantalla-2015-11-05-a-las-09.33.29.png\"><img loading=\"lazy\" decoding=\"async\" class=\"alignleft size-full wp-image-8221\" style=\"margin: 5px 19px 5px 19px;\" src=\"http:\/\/aula21.net\/aulablog21\/wp-content\/uploads\/2015\/11\/Captura-de-pantalla-2015-11-05-a-las-09.33.29.png\" alt=\"Captura de pantalla 2015-11-05 a la(s) 09.33.29\" width=\"270\" height=\"143\" \/><\/a><\/p>\n<p style=\"text-align: justify;\">Hoy publico la entrega n\u00ba 11 de <strong>\u00bb Lo que no se comparte se pierde\u00bb<\/strong>, una serie de entradas peri\u00f3dicas en las que hago una breve rese\u00f1a de alguna de mis publicaciones en otros medios y de lo que m\u00e1s me ha llamado la atenci\u00f3n por su utilidad o calidad a lo largo de mi constante navegaci\u00f3n por la red.<\/p>\n<p>&nbsp;<\/p>\n<p><a href=\"https:\/\/elrincondepatronio.wordpress.com\/2018\/01\/13\/tabla-periodica-literaria\/\" target=\"_blank\" rel=\"noopener\"><img loading=\"lazy\" decoding=\"async\" class=\"wp-image-8834 alignleft\" src=\"http:\/\/aula21.net\/aulablog21\/wp-content\/uploads\/2018\/01\/678134-sign-check-128.png\" alt=\"\" width=\"33\" height=\"33\" \/><\/a><img loading=\"lazy\" decoding=\"async\" class=\"alignleft wp-image-8836\" src=\"http:\/\/aula21.net\/aulablog21\/wp-content\/uploads\/2018\/01\/Captura-de-pantalla-2018-01-19-a-las-8.24.34.png\" alt=\"\" width=\"167\" height=\"257\" srcset=\"http:\/\/aula21.net\/aulablog21\/wp-content\/uploads\/2018\/01\/Captura-de-pantalla-2018-01-19-a-las-8.24.34.png 240w, http:\/\/aula21.net\/aulablog21\/wp-content\/uploads\/2018\/01\/Captura-de-pantalla-2018-01-19-a-las-8.24.34-195x300.png 195w\" sizes=\"auto, (max-width: 167px) 100vw, 167px\" \/>\u00abHasta ahora los dispositivos han acaparado toda la atenci\u00f3n, pero los verdaderos cambios en la ense\u00f1anza y el aprendizaje han sido invisibles. Con la intenci\u00f3n de darles la visibilidad que merecen, el profesor e investigador Crist\u00f3bal Cobo nos invita a pensar en la educaci\u00f3n desde una nueva \u00f3ptica, una que plantea que la verdadera innovaci\u00f3n est\u00e1 en explorar nuevas formas de valorar y reconocer el conocimiento, tanto dentro como fuera del aula\u00bb.\u00a0 <a href=\"https:\/\/drive.google.com\/file\/d\/1gwJ38s3NtL6WghwVS1o6CnDGWP1WyJnT\/view\" target=\"_blank\" rel=\"noopener\">Descargar <em>La innovaci\u00f3n pendiente<\/em> (pdf)<\/a>.<\/p>\n<p style=\"text-align: center;\"><!--adsense--><\/p>\n<p>&nbsp;<\/p>\n<p><a href=\"https:\/\/elrincondepatronio.wordpress.com\/2018\/01\/13\/tabla-periodica-literaria\/\" target=\"_blank\" rel=\"noopener\"><img loading=\"lazy\" decoding=\"async\" class=\"wp-image-8834 alignleft\" src=\"http:\/\/aula21.net\/aulablog21\/wp-content\/uploads\/2018\/01\/678134-sign-check-128.png\" alt=\"\" width=\"33\" height=\"33\" \/>Tabla peri\u00f3dica de la literatura<\/a>, trabajo interdisciplinar de ciencia y letras.\u00a0Se escogieron 120 autores significativos y se repartieron por sorteo entre todos los alumnos de 3\u00ba de ESO.\u00a0 Se les pidi\u00f3 que en sus trabajos deb\u00edan:<\/p>\n<p>-Inventar un s\u00edmbolo literario para ese autor.<br \/>\n-Averiguar la fecha de nacimiento y muerte del mismo.<br \/>\n-Redactar un breve resumen de los aspectos m\u00e1s importantes del estilo y obra del autor.<br \/>\n-Localizar una breve cita literaria e indicar a qu\u00e9 obra pertenece.<br \/>\n-Identificar el t\u00edtulo de tres obras literarias de dicho autor.<br \/>\n-Encontrar una imagen del escritor en cuesti\u00f3n.<br \/>\n<img loading=\"lazy\" decoding=\"async\" class=\"aligncenter wp-image-8833\" src=\"http:\/\/aula21.net\/aulablog21\/wp-content\/uploads\/2018\/01\/dsc_3900.jpg\" alt=\"\" width=\"449\" height=\"272\" srcset=\"http:\/\/aula21.net\/aulablog21\/wp-content\/uploads\/2018\/01\/dsc_3900.jpg 700w, http:\/\/aula21.net\/aulablog21\/wp-content\/uploads\/2018\/01\/dsc_3900-300x182.jpg 300w\" sizes=\"auto, (max-width: 449px) 100vw, 449px\" \/><\/p>\n<p><a href=\"https:\/\/elrincondepatronio.wordpress.com\/2018\/01\/13\/tabla-periodica-literaria\/\" target=\"_blank\" rel=\"noopener\"><img loading=\"lazy\" decoding=\"async\" class=\"wp-image-8834 alignleft\" src=\"http:\/\/aula21.net\/aulablog21\/wp-content\/uploads\/2018\/01\/678134-sign-check-128.png\" alt=\"\" width=\"33\" height=\"33\" \/><\/a><a href=\"https:\/\/emtic.educarex.es\/251-emtic\/juegos-y-gamificacion\/3032-escape-lengua\" target=\"_blank\" rel=\"noopener\">C\u00f3mo trabajar los #Escapesroom en el \u00e1mbito educativo<\/a>\u00a0 de <a href=\"https:\/\/twitter.com\/josangiltejada\" target=\"_blank\" rel=\"noopener\">@josangiltejada <\/a>, art\u00edculo publicado en EMTIC.<\/p>\n<p>Ds experiencias del \u00a0CEIP P\u00edo XII de Don \u00c1lvaro (Badajoz) para trabajar la lengua.<\/p>\n<p><img loading=\"lazy\" decoding=\"async\" class=\"alignleft size-full wp-image-8847\" src=\"http:\/\/aula21.net\/aulablog21\/wp-content\/uploads\/2018\/01\/escape.png\" width=\"470\" height=\"141\" srcset=\"http:\/\/aula21.net\/aulablog21\/wp-content\/uploads\/2018\/01\/escape.png 1122w, http:\/\/aula21.net\/aulablog21\/wp-content\/uploads\/2018\/01\/escape-300x90.png 300w, http:\/\/aula21.net\/aulablog21\/wp-content\/uploads\/2018\/01\/escape-768x231.png 768w, http:\/\/aula21.net\/aulablog21\/wp-content\/uploads\/2018\/01\/escape-1024x308.png 1024w\" sizes=\"auto, (max-width: 470px) 100vw, 470px\" \/><\/p>\n<p>&nbsp;<\/p>\n<p>&nbsp;<\/p>\n<p>&nbsp;<\/p>\n","protected":false},"excerpt":{"rendered":"<p>Hoy publico la entrega n\u00ba 11 de \u00bb Lo que no se comparte se pierde\u00bb, una serie de entradas peri\u00f3dicas en las que hago una breve rese\u00f1a de alguna de mis publicaciones en otros medios y de lo que m\u00e1s me ha llamado la atenci\u00f3n por su utilidad o calidad a lo largo de mi [&hellip;]<\/p>\n","protected":false},"author":1,"featured_media":0,"comment_status":"open","ping_status":"closed","sticky":false,"template":"","format":"standard","meta":{"footnotes":""},"categories":[17,42,43,18],"tags":[],"class_list":["post-8832","post","type-post","status-publish","format-standard","hentry","category-articulos","category-buenas-practicas","category-lo-que-no-se-comparte","category-tic"],"_links":{"self":[{"href":"http:\/\/aula21.net\/aulablog21\/wp-json\/wp\/v2\/posts\/8832","targetHints":{"allow":["GET"]}}],"collection":[{"href":"http:\/\/aula21.net\/aulablog21\/wp-json\/wp\/v2\/posts"}],"about":[{"href":"http:\/\/aula21.net\/aulablog21\/wp-json\/wp\/v2\/types\/post"}],"author":[{"embeddable":true,"href":"http:\/\/aula21.net\/aulablog21\/wp-json\/wp\/v2\/users\/1"}],"replies":[{"embeddable":true,"href":"http:\/\/aula21.net\/aulablog21\/wp-json\/wp\/v2\/comments?post=8832"}],"version-history":[{"count":7,"href":"http:\/\/aula21.net\/aulablog21\/wp-json\/wp\/v2\/posts\/8832\/revisions"}],"predecessor-version":[{"id":8849,"href":"http:\/\/aula21.net\/aulablog21\/wp-json\/wp\/v2\/posts\/8832\/revisions\/8849"}],"wp:attachment":[{"href":"http:\/\/aula21.net\/aulablog21\/wp-json\/wp\/v2\/media?parent=8832"}],"wp:term":[{"taxonomy":"category","embeddable":true,"href":"http:\/\/aula21.net\/aulablog21\/wp-json\/wp\/v2\/categories?post=8832"},{"taxonomy":"post_tag","embeddable":true,"href":"http:\/\/aula21.net\/aulablog21\/wp-json\/wp\/v2\/tags?post=8832"}],"curies":[{"name":"wp","href":"https:\/\/api.w.org\/{rel}","templated":true}]}}