{"id":887,"date":"2006-06-11T16:23:46","date_gmt":"2006-06-11T15:23:46","guid":{"rendered":"http:\/\/127.0.0.1\/wordpress2\/index.php\/archives\/2006\/06\/11\/ponencia-de-isidro-en-jornada-espiral-2006\/"},"modified":"2006-06-11T16:23:46","modified_gmt":"2006-06-11T15:23:46","slug":"ponencia-de-isidro-en-jornada-espiral-2006","status":"publish","type":"post","link":"http:\/\/aula21.net\/aulablog21\/archives\/2006\/06\/11\/ponencia-de-isidro-en-jornada-espiral-2006\/","title":{"rendered":"Ponencia de Isidro en Jornada Espiral 2006"},"content":{"rendered":"<p><a href=\"http:\/\/hitzez.blogspot.com\/2006\/06\/jornada-espiral-2006.html\">En este art\u00edculo<\/a> Isidro Vidal nos relata su intervenci\u00f3n en la <a href=\"http:\/\/www.ciberespiral.org\/\" target=\"_blank\">Jornada Espiral 2006<\/a>\u00a0donde present\u00f3 una magn\u00edfica ponencia titulada <a href=\"http:\/\/ividal.com\/archivos\/blogaula.swf\"><span style=\"COLOR: #3333ff\">Blogs de aula<\/span><\/a>.<\/p>\n<p>Isidro se est\u00e1 revelando como uno de los m\u00e1s activos y brillantes blogfesores del <a href=\"http:\/\/www.aulablog.com\/planeta\" target=\"_blank\">Planeta Educativo<\/a>.<\/p>\n","protected":false},"excerpt":{"rendered":"<p>En este art\u00edculo Isidro Vidal nos relata su intervenci\u00f3n en la Jornada Espiral 2006\u00a0donde present\u00f3 una magn\u00edfica ponencia titulada Blogs de aula. Isidro se est\u00e1 revelando como uno de los m\u00e1s activos y brillantes blogfesores del Planeta Educativo.<\/p>\n","protected":false},"author":1,"featured_media":0,"comment_status":"open","ping_status":"open","sticky":false,"template":"","format":"standard","meta":{"footnotes":""},"categories":[2],"tags":[],"class_list":["post-887","post","type-post","status-publish","format-standard","hentry","category-weblogs_en_el_aula"],"_links":{"self":[{"href":"http:\/\/aula21.net\/aulablog21\/wp-json\/wp\/v2\/posts\/887","targetHints":{"allow":["GET"]}}],"collection":[{"href":"http:\/\/aula21.net\/aulablog21\/wp-json\/wp\/v2\/posts"}],"about":[{"href":"http:\/\/aula21.net\/aulablog21\/wp-json\/wp\/v2\/types\/post"}],"author":[{"embeddable":true,"href":"http:\/\/aula21.net\/aulablog21\/wp-json\/wp\/v2\/users\/1"}],"replies":[{"embeddable":true,"href":"http:\/\/aula21.net\/aulablog21\/wp-json\/wp\/v2\/comments?post=887"}],"version-history":[{"count":0,"href":"http:\/\/aula21.net\/aulablog21\/wp-json\/wp\/v2\/posts\/887\/revisions"}],"wp:attachment":[{"href":"http:\/\/aula21.net\/aulablog21\/wp-json\/wp\/v2\/media?parent=887"}],"wp:term":[{"taxonomy":"category","embeddable":true,"href":"http:\/\/aula21.net\/aulablog21\/wp-json\/wp\/v2\/categories?post=887"},{"taxonomy":"post_tag","embeddable":true,"href":"http:\/\/aula21.net\/aulablog21\/wp-json\/wp\/v2\/tags?post=887"}],"curies":[{"name":"wp","href":"https:\/\/api.w.org\/{rel}","templated":true}]}}