{"id":888,"date":"2006-06-12T20:00:52","date_gmt":"2006-06-12T19:00:52","guid":{"rendered":"http:\/\/127.0.0.1\/wordpress2\/index.php\/archives\/2006\/06\/12\/integracion-de-moodle-en-la-eso-en-el-area-de-lengua-y-literatura\/"},"modified":"2006-06-12T20:06:09","modified_gmt":"2006-06-12T19:06:09","slug":"integracion-de-moodle-en-la-eso-en-el-area-de-lengua-y-literatura","status":"publish","type":"post","link":"http:\/\/aula21.net\/aulablog21\/archives\/2006\/06\/12\/integracion-de-moodle-en-la-eso-en-el-area-de-lengua-y-literatura\/","title":{"rendered":"Integraci\u00f3n de Moodle en la ESO en el \u00e1rea de Lengua y Literatura"},"content":{"rendered":"<p><a href=\"http:\/\/apiedeaula.blogspot.com\/2006\/06\/dos-manos.html\" target=\"_blank\">En este art\u00edculo<\/a>\u00a0Lourdes Domenech nos relata su asistencia a las <a href=\"http:\/\/www.ciberespiral.org\/\" target=\"_blank\">Jornadas de Espiral<\/a>\u00a0en las que junto a su amiga Ana Isabel Romeo presentaron un un proyecto global de integraci\u00f3n de Moodle en la ESO, que consiste en el dise\u00f1o de itinerarios de aprendizaje relacionados con el curr\u00edculum de lengua y literatura<br \/>castellana, <a href=\"http:\/\/www.materialesdelengua.org\/aula_virtual\/espiral.pdf\" target=\"_blank\">un complet\u00edsimo trabajo que podemos descargar en pdf<\/a> .<\/p>\n<p>Lourdes y Ana son las creadoras de<a href=\"Materiales de Lengua y Literatura es una web docente realizada y mantenida \"> una valios\u00edsima web para los profesores de Lengua y Literatura<\/a> <\/p>\n","protected":false},"excerpt":{"rendered":"<p>En este art\u00edculo\u00a0Lourdes Domenech nos relata su asistencia a las Jornadas de Espiral\u00a0en las que junto a su amiga Ana Isabel Romeo presentaron un un proyecto global de integraci\u00f3n de Moodle en la ESO, que consiste en el dise\u00f1o de itinerarios de aprendizaje relacionados con el curr\u00edculum de lengua y literaturacastellana, un complet\u00edsimo trabajo que [&hellip;]<\/p>\n","protected":false},"author":1,"featured_media":0,"comment_status":"open","ping_status":"open","sticky":false,"template":"","format":"standard","meta":{"footnotes":""},"categories":[8,14],"tags":[],"class_list":["post-888","post","type-post","status-publish","format-standard","hentry","category-educacion_e_internet","category-recursos-variados"],"_links":{"self":[{"href":"http:\/\/aula21.net\/aulablog21\/wp-json\/wp\/v2\/posts\/888","targetHints":{"allow":["GET"]}}],"collection":[{"href":"http:\/\/aula21.net\/aulablog21\/wp-json\/wp\/v2\/posts"}],"about":[{"href":"http:\/\/aula21.net\/aulablog21\/wp-json\/wp\/v2\/types\/post"}],"author":[{"embeddable":true,"href":"http:\/\/aula21.net\/aulablog21\/wp-json\/wp\/v2\/users\/1"}],"replies":[{"embeddable":true,"href":"http:\/\/aula21.net\/aulablog21\/wp-json\/wp\/v2\/comments?post=888"}],"version-history":[{"count":0,"href":"http:\/\/aula21.net\/aulablog21\/wp-json\/wp\/v2\/posts\/888\/revisions"}],"wp:attachment":[{"href":"http:\/\/aula21.net\/aulablog21\/wp-json\/wp\/v2\/media?parent=888"}],"wp:term":[{"taxonomy":"category","embeddable":true,"href":"http:\/\/aula21.net\/aulablog21\/wp-json\/wp\/v2\/categories?post=888"},{"taxonomy":"post_tag","embeddable":true,"href":"http:\/\/aula21.net\/aulablog21\/wp-json\/wp\/v2\/tags?post=888"}],"curies":[{"name":"wp","href":"https:\/\/api.w.org\/{rel}","templated":true}]}}