{"id":8887,"date":"2018-03-19T15:38:47","date_gmt":"2018-03-19T14:38:47","guid":{"rendered":"http:\/\/aula21.net\/aulablog21\/?p=8887"},"modified":"2018-03-19T15:41:32","modified_gmt":"2018-03-19T14:41:32","slug":"conectados-o-como-hacer-que-los-adolescentes-naveguen-de-forma-segura","status":"publish","type":"post","link":"http:\/\/aula21.net\/aulablog21\/archives\/2018\/03\/19\/conectados-o-como-hacer-que-los-adolescentes-naveguen-de-forma-segura\/","title":{"rendered":"Conectados: c\u00f3mo hacer que los adolescentes naveguen de forma segura"},"content":{"rendered":"<p>La Fundaci\u00f3n De Ayuda A La Drogadicci\u00f3n (FAD) ha puesto en marcha un proyecto para promover el uso adecuado y responsable de las redes sociales e internet entre los j\u00f3venes. Intenta involucrar a chavales de entre 14 y 16 a\u00f1os, sus padres y profesores.<br \/>\n<a href=\"http:\/\/proyectoconectados.es\/\" target=\"_blank\" rel=\"noopener\">Este proyecto<\/a> se sostiene gracias a tres l\u00edneas de trabajo. Por un lado la educativa con los adolescentes a trav\u00e9s de una APP para que juegen de manera activa siendo conscientes de las necesidades de cuidar el uso responsable en cada informaci\u00f3n a la que acceden e incluso las que ellos mismso generan.<br \/>\n<script async src=\"\/\/pagead2.googlesyndication.com\/pagead\/js\/adsbygoogle.js\"><\/script><br \/>\n<script>\n     (adsbygoogle = window.adsbygoogle || []).push({\n          google_ad_client: \"ca-pub-4907009861465828\",\n          enable_page_level_ads: true\n     });\n<\/script><\/p>\n<p>Por otro lado es fundamental la sensibilizaci\u00f3n a las familias y profesores a trav\u00e9s de la formaci\u00f3n. Para ello su p\u00e1gina web permite a trav\u00e9s de v\u00eddeos interactivos acceder a ejemplos concretos que padres y profesores deben hacer frente en su d\u00eda a d\u00eda.<\/p>\n<p>V\u00eddeos, lecturas, y actividades divertidas para integrarlas en el curr\u00edculo escolar. Adem\u00e1s los chavales pueden participar en un concurso que estar\u00e1 activo hasta el 31 de marzo para los que tengan edades comprendidas entre los 14 y 16 a\u00f1os.<a href=\"http:\/\/proyectoconectados.es\/\" target=\"_blank\" rel=\"noopener\"><img loading=\"lazy\" decoding=\"async\" class=\"aligncenter wp-image-8888\" src=\"http:\/\/aula21.net\/aulablog21\/wp-content\/uploads\/2018\/03\/Captura-de-pantalla-2018-03-19-a-las-15.36.42.png\" alt=\"\" width=\"498\" height=\"269\" srcset=\"http:\/\/aula21.net\/aulablog21\/wp-content\/uploads\/2018\/03\/Captura-de-pantalla-2018-03-19-a-las-15.36.42.png 1050w, http:\/\/aula21.net\/aulablog21\/wp-content\/uploads\/2018\/03\/Captura-de-pantalla-2018-03-19-a-las-15.36.42-300x162.png 300w, http:\/\/aula21.net\/aulablog21\/wp-content\/uploads\/2018\/03\/Captura-de-pantalla-2018-03-19-a-las-15.36.42-768x415.png 768w, http:\/\/aula21.net\/aulablog21\/wp-content\/uploads\/2018\/03\/Captura-de-pantalla-2018-03-19-a-las-15.36.42-1024x553.png 1024w\" sizes=\"auto, (max-width: 498px) 100vw, 498px\" \/><\/a><\/p>\n","protected":false},"excerpt":{"rendered":"<p>La Fundaci\u00f3n De Ayuda A La Drogadicci\u00f3n (FAD) ha puesto en marcha un proyecto para promover el uso adecuado y responsable de las redes sociales e internet entre los j\u00f3venes. Intenta involucrar a chavales de entre 14 y 16 a\u00f1os, sus padres y profesores. Este proyecto se sostiene gracias a tres l\u00edneas de trabajo. Por [&hellip;]<\/p>\n","protected":false},"author":1,"featured_media":0,"comment_status":"open","ping_status":"closed","sticky":false,"template":"","format":"standard","meta":{"footnotes":""},"categories":[8,1,39],"tags":[],"class_list":["post-8887","post","type-post","status-publish","format-standard","hentry","category-educacion_e_internet","category-miscelanea","category-redes-sociales"],"_links":{"self":[{"href":"http:\/\/aula21.net\/aulablog21\/wp-json\/wp\/v2\/posts\/8887","targetHints":{"allow":["GET"]}}],"collection":[{"href":"http:\/\/aula21.net\/aulablog21\/wp-json\/wp\/v2\/posts"}],"about":[{"href":"http:\/\/aula21.net\/aulablog21\/wp-json\/wp\/v2\/types\/post"}],"author":[{"embeddable":true,"href":"http:\/\/aula21.net\/aulablog21\/wp-json\/wp\/v2\/users\/1"}],"replies":[{"embeddable":true,"href":"http:\/\/aula21.net\/aulablog21\/wp-json\/wp\/v2\/comments?post=8887"}],"version-history":[{"count":3,"href":"http:\/\/aula21.net\/aulablog21\/wp-json\/wp\/v2\/posts\/8887\/revisions"}],"predecessor-version":[{"id":8891,"href":"http:\/\/aula21.net\/aulablog21\/wp-json\/wp\/v2\/posts\/8887\/revisions\/8891"}],"wp:attachment":[{"href":"http:\/\/aula21.net\/aulablog21\/wp-json\/wp\/v2\/media?parent=8887"}],"wp:term":[{"taxonomy":"category","embeddable":true,"href":"http:\/\/aula21.net\/aulablog21\/wp-json\/wp\/v2\/categories?post=8887"},{"taxonomy":"post_tag","embeddable":true,"href":"http:\/\/aula21.net\/aulablog21\/wp-json\/wp\/v2\/tags?post=8887"}],"curies":[{"name":"wp","href":"https:\/\/api.w.org\/{rel}","templated":true}]}}