{"id":8899,"date":"2018-04-12T13:56:40","date_gmt":"2018-04-12T12:56:40","guid":{"rendered":"http:\/\/aula21.net\/aulablog21\/?p=8899"},"modified":"2018-04-12T14:10:39","modified_gmt":"2018-04-12T13:10:39","slug":"la-tierra-un-planeta-lleno-de-vida-nuevo-rea-de-biologia","status":"publish","type":"post","link":"http:\/\/aula21.net\/aulablog21\/archives\/2018\/04\/12\/la-tierra-un-planeta-lleno-de-vida-nuevo-rea-de-biologia\/","title":{"rendered":"La tierra, un planeta lleno de vida, nuevo REA de Biolog\u00eda"},"content":{"rendered":"<p>He sido coautor del REA para Biolog\u00eda y Geolog\u00eda: <a href=\"https:\/\/emtic.educarex.es\/crea\/biologia\/tierra\/index.html\" target=\"_blank\" rel=\"nofollow noopener\">La Tierra, un planeta lleno de vida<\/a><br \/>\n<script async src=\"\/\/pagead2.googlesyndication.com\/pagead\/js\/adsbygoogle.js\"><\/script><br \/>\n<script>\n     (adsbygoogle = window.adsbygoogle || []).push({\n          google_ad_client: \"ca-pub-4907009861465828\",\n          enable_page_level_ads: true\n     });\n<\/script><\/p>\n<p style=\"text-align: justify;\"><a title=\"Abre REA en nueva ventana\" href=\"https:\/\/emtic.educarex.es\/crea\/biologia\/hidrosfera\/index.html\" target=\"_blank\" rel=\"nofollow noopener\">\u00a0<\/a><a href=\"https:\/\/emtic.educarex.es\/crea\/biologia\/tierra\/index.html\" target=\"_blank\" rel=\"nofollow noopener\">La Tierra, un planeta lleno de vida<\/a> es el t\u00edtulo de la segunda secuencia did\u00e1ctica de los recursos de Biolog\u00eda y Geolog\u00eda del <a href=\"https:\/\/crea.educarex.es\">Proyecto CREA<\/a> (Creaci\u00f3n de Recursos Educativos Abiertos), con el que se pretende favorecer el uso de metodolog\u00edas activas en los contenidos curriculares.<br \/>\n<a href=\"https:\/\/emtic.educarex.es\/285-proyecto-crea\/3076-reabiogeo2\" target=\"_blank\" rel=\"noopener\"><img loading=\"lazy\" decoding=\"async\" class=\"aligncenter wp-image-8903\" style=\"border-width: 2px;\" src=\"http:\/\/aula21.net\/aulablog21\/wp-content\/uploads\/2018\/04\/Captura-de-pantalla-2018-04-12-a-las-14.58.45.png\" width=\"470\" height=\"362\" srcset=\"http:\/\/aula21.net\/aulablog21\/wp-content\/uploads\/2018\/04\/Captura-de-pantalla-2018-04-12-a-las-14.58.45.png 1085w, http:\/\/aula21.net\/aulablog21\/wp-content\/uploads\/2018\/04\/Captura-de-pantalla-2018-04-12-a-las-14.58.45-300x231.png 300w, http:\/\/aula21.net\/aulablog21\/wp-content\/uploads\/2018\/04\/Captura-de-pantalla-2018-04-12-a-las-14.58.45-768x591.png 768w, http:\/\/aula21.net\/aulablog21\/wp-content\/uploads\/2018\/04\/Captura-de-pantalla-2018-04-12-a-las-14.58.45-1024x788.png 1024w\" sizes=\"auto, (max-width: 470px) 100vw, 470px\" \/><\/a><br \/>\nSe trabajan objetivos y contenidos de los primeros cursos de Educaci\u00f3n Secundaria y est\u00e1 organizado en tareas, en cada una de las cuales se revisan conceptos b\u00e1sicos, y se proponen actividades y experimentos para aplicar los conocimientos adquiridos, procurando utilizar un aprendizaje por competencias. Es tambi\u00e9n de inter\u00e9s para el \u00c1mbito Cient\u00edfico y Matem\u00e1tico del Programa de Mejora del Aprendizaje y del Rendimiento (PMAR).<\/p>\n<p>&nbsp;<\/p>\n<p style=\"text-align: center;\"><!--adsense--><\/p>\n","protected":false},"excerpt":{"rendered":"<p>He sido coautor del REA para Biolog\u00eda y Geolog\u00eda: La Tierra, un planeta lleno de vida \u00a0La Tierra, un planeta lleno de vida es el t\u00edtulo de la segunda secuencia did\u00e1ctica de los recursos de Biolog\u00eda y Geolog\u00eda del Proyecto CREA (Creaci\u00f3n de Recursos Educativos Abiertos), con el que se pretende favorecer el uso de [&hellip;]<\/p>\n","protected":false},"author":1,"featured_media":0,"comment_status":"closed","ping_status":"closed","sticky":false,"template":"","format":"standard","meta":{"footnotes":""},"categories":[37,8,1,14],"tags":[],"class_list":["post-8899","post","type-post","status-publish","format-standard","hentry","category-colaboraciones","category-educacion_e_internet","category-miscelanea","category-recursos-variados"],"_links":{"self":[{"href":"http:\/\/aula21.net\/aulablog21\/wp-json\/wp\/v2\/posts\/8899","targetHints":{"allow":["GET"]}}],"collection":[{"href":"http:\/\/aula21.net\/aulablog21\/wp-json\/wp\/v2\/posts"}],"about":[{"href":"http:\/\/aula21.net\/aulablog21\/wp-json\/wp\/v2\/types\/post"}],"author":[{"embeddable":true,"href":"http:\/\/aula21.net\/aulablog21\/wp-json\/wp\/v2\/users\/1"}],"replies":[{"embeddable":true,"href":"http:\/\/aula21.net\/aulablog21\/wp-json\/wp\/v2\/comments?post=8899"}],"version-history":[{"count":10,"href":"http:\/\/aula21.net\/aulablog21\/wp-json\/wp\/v2\/posts\/8899\/revisions"}],"predecessor-version":[{"id":8910,"href":"http:\/\/aula21.net\/aulablog21\/wp-json\/wp\/v2\/posts\/8899\/revisions\/8910"}],"wp:attachment":[{"href":"http:\/\/aula21.net\/aulablog21\/wp-json\/wp\/v2\/media?parent=8899"}],"wp:term":[{"taxonomy":"category","embeddable":true,"href":"http:\/\/aula21.net\/aulablog21\/wp-json\/wp\/v2\/categories?post=8899"},{"taxonomy":"post_tag","embeddable":true,"href":"http:\/\/aula21.net\/aulablog21\/wp-json\/wp\/v2\/tags?post=8899"}],"curies":[{"name":"wp","href":"https:\/\/api.w.org\/{rel}","templated":true}]}}