{"id":89,"date":"2004-11-08T23:57:08","date_gmt":"2004-11-08T22:57:08","guid":{"rendered":"http:\/\/127.0.0.1\/wordpress2\/index.php\/archives\/2004\/11\/08\/weblogs-de-profes-y-alumnos\/"},"modified":"2004-12-19T11:52:16","modified_gmt":"2004-12-19T10:52:16","slug":"weblogs-de-profes-y-alumnos","status":"publish","type":"post","link":"http:\/\/aula21.net\/aulablog21\/archives\/2004\/11\/08\/weblogs-de-profes-y-alumnos\/","title":{"rendered":"Weblogs de profes y alumnos"},"content":{"rendered":"<p>Con motivo de la pr\u00f3xima aparici\u00f3n en <a href=\"\/\">mi web<\/a> de una nueva secci\u00f3n cuya tem\u00e1tica ser\u00e1 el uso de los blogs en al \u00e1mbito educativo poquito a poco voy recopilando todos los blogs de profes y alumnos que voy encontrando en la red y ya tengo un mont\u00f3n.<br \/>En este art\u00edculo rese\u00f1ar\u00e9 algunos de ellos.<\/p>\n<p><a href=\"http:\/\/tutoria4b.acelblog.com\/\">http:\/\/tutoria4b.acelblog.com\/<\/a> Bitacora del curso 4B del <span class=\"caps\">IES <\/span>Mar\u00eda de Molina. Mirentxu Arias tutora de este curso utiliza el blog para llevar acabo la tutor\u00eda de sus alumnos.<\/p>\n<p><a href=\"http:\/\/grammaticus.acelblog.com\/\">http:\/\/grammaticus.acelblog.com\/<\/a> blog para uso de los alumnos de lat\u00edn del I.E.S. Santiago Ap\u00f3stol.<\/p>\n<p \/>\n<p><a href=\"http:\/\/centros5.cnice.mecd.es\/ies.maria.guerrero\/tic\/tic.php\"><font face=\"Trebuchet MS\" size=\"2\">Abismalia<\/font><\/a><span class=\"text1\"> bit\u00e1cora para los estudiantes de Nuevas Tecnolog\u00edas del I.E.S. Mar\u00eda Guerrero, una iniciativa de mi amigo y colaborador <a href=\"http:\/\/fresno.cnice.mecd.es\/~avaler3\/\">Alejandro Valero<\/a>.<\/span><\/p>\n<p><span class=\"text1\"><a href=\"http:\/\/www.actilingua.net\/blogdeunaprofedim.html\">Blog d\u00b4una profe <span class=\"caps\">DIM<\/span><\/a> &quot;Mi blog es una mezcla de reflexiones profesionales y personales. Vamos, como si charlara conmigo misma, al menos eso intento. El tema eje es la utilizaci\u00f3n de las <span class=\"caps\">TIC<\/span> en el aula (educaci\u00f3n secundaria). Herramientas y entornos que propician nuevos estilos de comunicaci\u00f3n, de colaboraci\u00f3n, de creaci\u00f3n&quot;.<\/span><\/p>\n<p><span class=\"text1\"><a href=\"http:\/\/geneura.ugr.es\/MT\/DyEC\/\">http:\/\/geneura.ugr.es\/MT\/DyEC\/<\/a> Bit\u00e1cora del profesor de la asignatura de Dise\u00f1o y Evaluaci\u00f3n de configuraciones E.T.S. de Ing. Inform\u00e1tica (Universidad de Granada). Todos los alumnos tienen su propia bit\u00e1cora que est\u00e1n listadas <a href=\"http:\/\/geneura.ugr.es\/cgi-bin\/DyEC\/blogs.cgi\/\">en esta p\u00e1gina <\/a>. Una de sus alumnas es: <a href=\"http:\/\/geneura.ugr.es\/MT\/ana\/\">Ana <\/a><\/span><\/p>\n<p><span class=\"text1\"><a href=\"http:\/\/auladehistoria.blogspot.com\/\">Aula de Historia<\/a>, es un weblog en el que un profesor de Historia (Mauricio) va proponiendo actividades y ejercicios para sus alumnos y va poniendo a su disposici\u00f3n enlaces con un alto inter\u00e9s educativo.<\/span><\/p>\n<p><span class=\"text1\"><a href=\"http:\/\/www.infoaragon.net\/servicios\/blogs\/fabian\/\">http:\/\/www.infoaragon.net\/servicios\/blogs\/fabian\/<\/a> Blog de Fabi\u00e1n profesor de lengua castellana, trabaja en un instituto de ense\u00f1anza secundaria de Palma de Mallorca, imparte clases de lengua castellana.<\/span><\/p>\n<p><span class=\"text1\"><a href=\"http:\/\/blogia.com\/2dmanjon\">2dmanjon<\/a> Es un blog de los estudiantes de 13-14 a\u00f1os de 2 E.S.O. del <span class=\"caps\">IES <\/span>Padre Manj\u00f3n (Granada). donde van reflejando todas aquellas cosas que les ocurren diariamente. Es un blog muy activo que merece la pena visitar.<\/span><\/p>\n<p><span class=\"text1\"><a href=\"http:\/\/www.infoaragon.net\/servicios\/blogs\/mateylengua\/\">http:\/\/www.infoaragon.net\/servicios\/blogs\/mateylengua\/<\/a>Diario de abordo de mates y lengua 2 <span class=\"caps\">ESO <\/span>&#8211; IES Diego de Silo\u00e9.<\/span><\/p>\n<p><span class=\"text1\"><a href=\"http:\/\/bloc.balearweb.net\/58\">Quaderns<\/a>: Bit\u00e1cora del <span class=\"caps\">IES <\/span>Emili Darder donde todos los profesores del instituto pueden publicar.<\/span><\/p>\n<p><span class=\"text1\"><a href=\"http:\/\/www.infoaragon.net\/servicios\/blogs\/jlori\/index.php\">Blog de apoyo docente<\/a> de <a href=\"http:\/\/www.unav.es\/digilab\/cv\/jlo\/\">Jos\u00e9 Luis Orihuela<\/a> Maestro en el mundo de los blogs.<\/span><\/p>\n<p><span class=\"text1\"><a href=\"http:\/\/www.infoaragon.net\/servicios\/blogs\/alternativa\/index.php\">Alternativa<\/a> Una mirada alternativa sobre la vida en la Web y fuera de ella. Fotograf\u00eda, dise\u00f1o web, educaci\u00f3n online, weblogs y algunas reflexiones personales. Otro weblog de Mar\u00eda Luisa Santos profesora de comunicaci\u00f3n digital en la universidad.<\/span><\/p>\n<p><span class=\"text1\"><span class=\"text1\"><a class=\"link-sto\" href=\"http:\/\/www.boulesis.com\/boule\" target=\"_blank\">Boul\u00e9<\/a> La bit\u00e1cora de <a href=\"http:\/\/www.boulesis.com\/\">Boulesis <\/a>versa sobre filosof\u00eda, educaci\u00f3n y actualidad. Por Miguel Santa Olalla Tovar, profesor de Ense\u00f1anza Secundaria de Valladolid (Espa\u00f1a).<\/span><\/span><\/p>\n<p><span class=\"text1\"><span class=\"text1\"><a href=\"http:\/\/www.auladeletras.net\/apuntes\/\">Bit\u00e1cora de Aula de Letras. Apuntes del navegante.<\/a> Su autor Jos\u00e9 M Gonz\u00e1lez-Serna es el creador de<a href=\"http:\/\/www.auladeletras.net\/apuntes\/\"> Aula de letras. Un sitio para el amante de las Humanidades.<\/a><br \/>Recientemente ha creado su bit\u00e1cora en Blogger <a href=\"http:\/\/auladeletras.blogspot.com\/\">http:\/\/auladeletras.blogspot.com\/<\/a><\/span><\/span><\/p>\n<p><span class=\"text1\"><span class=\"text1\"><a href=\"http:\/\/www.ecuaderno.com\/archives\/000153.php\">Weblogs de los alumnos<\/a> del curso Dise\u00f1o Audiovisual de la Facultad de Comunicaci\u00f3n ( Universidad de Navarra) impartido por Jose Luis Orhiuela en el que se centraron en el desarrollo de weblogs de alumnos como herramienta de alfabetizaci\u00f3n digital y sistema regular de trabajo en clase. <a href=\"http:\/\/blogzine.blogalia.com\/historias\/12179\">En este art\u00edculo <\/a>el profesor cuenta como se desarroll\u00f3 la experiencia.<\/span><\/span><\/p>\n<p><span class=\"text1\"><span class=\"text1\"><font face=\"Trebuchet MS\" size=\"2\"><\/font><a href=\"http:\/\/blogia.com\/orientasiloe\">http:\/\/blogia.com\/orientasiloe<\/a> Cuaderno de a bordo del Departamento de Orientaci\u00f3n. del I.E.S. Diego de Silo\u00e9 de Luis Barriocanal orientador del centro que administra tambi\u00e9n: <\/span><\/span><\/p>\n<ul>\n<li>\n<p style=\"LINE-HEIGHT: 150%\"><a href=\"http:\/\/blogia.com\/escueladepadres\">http:\/\/blogia.com\/escueladepadres<\/a> la p\u00e1gina Web de la Escuela de Padres del <span class=\"caps\">IES <\/span>Diego de Silo\u00e9.<\/p>\n<\/li>\n<li>\n<p style=\"LINE-HEIGHT: 150%\"><a href=\"http:\/\/blogia.com\/orientaeduc\">http:\/\/blogia.com\/orientaeduc<\/a> <\/p>\n<\/li>\n<li>\n<p style=\"LINE-HEIGHT: 150%\"><a href=\"http:\/\/blogia.com\/espanol_segundalengua\">http:\/\/blogia.com\/espanol_segundalengua<\/a> <br \/>El fen\u00f3meno blog es imparable en el \u00e1mbito educativo \u00bfa que esperan los responsables del Ministerio de Educaci\u00f3n y las Consejer\u00edas de las comunidades aut\u00f3nomas para poner a disposici\u00f3n de todos los miembros de la comunidad educativa un servicio de alojamiento y creaci\u00f3n de blogs gratuito para profes y alumnos?<br \/>\u00bfPor qu\u00e9 hemos los profesores de gastar nuestro dinero en servidores de pago o tener que recurrir a servicios gratuitos con publicidad y muchas limitaciones en cuanto a espacio, ancho de banda y alojamiento de im\u00e1genes?.<br \/>\u00bf No es el lema del Gobierno ahora Internet para todos ? pues se\u00f1ores por muy poquito dinero pueden pillar esta idea que aqu\u00ed les ofrezco.<br \/>Internet sirve para algo m\u00e1s que usar el messenger, bajarse pel\u00edculas o entrar en chats infumables y nuestros alumnos tienen derecho a conocer otras posibilidades de comunicaci\u00f3n mas fruct\u00edferas como son los blogs. Lo malo es que dudo que los responsables del tinglado educativo tengan mucha idea acerca de la utilizaci\u00f3n de las <span class=\"caps\">TIC<\/span> en el aula, hacen una pol\u00edtica de escaparate y as\u00ed nos va<\/p>\n<\/li>\n<\/ul>\n<p \/><\/p>\n","protected":false},"excerpt":{"rendered":"<p>Con motivo de la pr\u00f3xima aparici\u00f3n en mi web de una nueva secci\u00f3n cuya tem\u00e1tica ser\u00e1 el uso de los blogs en al \u00e1mbito educativo poquito a poco voy recopilando todos los blogs de profes y alumnos que voy encontrando en la red y ya tengo un mont\u00f3n.En este art\u00edculo rese\u00f1ar\u00e9 algunos de ellos. http:\/\/tutoria4b.acelblog.com\/ [&hellip;]<\/p>\n","protected":false},"author":1,"featured_media":0,"comment_status":"open","ping_status":"open","sticky":false,"template":"","format":"standard","meta":{"footnotes":""},"categories":[2],"tags":[],"class_list":["post-89","post","type-post","status-publish","format-standard","hentry","category-weblogs_en_el_aula"],"_links":{"self":[{"href":"http:\/\/aula21.net\/aulablog21\/wp-json\/wp\/v2\/posts\/89","targetHints":{"allow":["GET"]}}],"collection":[{"href":"http:\/\/aula21.net\/aulablog21\/wp-json\/wp\/v2\/posts"}],"about":[{"href":"http:\/\/aula21.net\/aulablog21\/wp-json\/wp\/v2\/types\/post"}],"author":[{"embeddable":true,"href":"http:\/\/aula21.net\/aulablog21\/wp-json\/wp\/v2\/users\/1"}],"replies":[{"embeddable":true,"href":"http:\/\/aula21.net\/aulablog21\/wp-json\/wp\/v2\/comments?post=89"}],"version-history":[{"count":0,"href":"http:\/\/aula21.net\/aulablog21\/wp-json\/wp\/v2\/posts\/89\/revisions"}],"wp:attachment":[{"href":"http:\/\/aula21.net\/aulablog21\/wp-json\/wp\/v2\/media?parent=89"}],"wp:term":[{"taxonomy":"category","embeddable":true,"href":"http:\/\/aula21.net\/aulablog21\/wp-json\/wp\/v2\/categories?post=89"},{"taxonomy":"post_tag","embeddable":true,"href":"http:\/\/aula21.net\/aulablog21\/wp-json\/wp\/v2\/tags?post=89"}],"curies":[{"name":"wp","href":"https:\/\/api.w.org\/{rel}","templated":true}]}}