{"id":890,"date":"2006-06-13T13:35:12","date_gmt":"2006-06-13T12:35:12","guid":{"rendered":"http:\/\/127.0.0.1\/wordpress2\/index.php\/archives\/2006\/06\/13\/la-revolucion-de-los-blogs\/"},"modified":"2006-06-14T09:13:42","modified_gmt":"2006-06-14T08:13:42","slug":"la-revolucion-de-los-blogs","status":"publish","type":"post","link":"http:\/\/aula21.net\/aulablog21\/archives\/2006\/06\/13\/la-revolucion-de-los-blogs\/","title":{"rendered":"La revoluci\u00f3n de los blogs"},"content":{"rendered":"<p><img loading=\"lazy\" decoding=\"async\" width=\"125\" hspace=\"4\" height=\"186\" border=\"0\" align=\"left\" alt=\"portada_blogs_orihuela_little.jpg\" src=\"\/aulablog21\/subidas\/portada_blogs_orihuela_little.jpg\" \/>En <a href=\"http:\/\/www.ecuaderno.com\/larevoluciondelosblogs\/\" target=\"_blank\">La revoluci\u00f3n de los blogs<\/a> libro cuyo autor es mi admirado Jos\u00e9 Luis Orhiuela aparece un <a href=\"http:\/\/www.ecuaderno.com\/larevoluciondelosblogs\/a3-listado\/\" target=\"_blank\">anexo de selecci\u00f3n de blogs en espa\u00f1ol y por temas<\/a> de gran inter\u00e9s. En el apartado <a href=\"http:\/\/www.ecuaderno.com\/larevoluciondelosblogs\/a3-listado\/educacion\/\" target=\"_blank\">Educaci\u00f3n<\/a> tengo el honor de aparecer al lado de otros amigos:<\/p>\n<p style=\"text-align: center;\"><a href=\"http:\/\/apiedeaula.bitacoras.com\/\">A pie de aula<\/a><br \/><a href=\"http:\/\/www.arguments.es\/\">Arguments<\/a><br \/><a href=\"http:\/\/www.aulablog.com\/\">AulaBlog<\/a><br \/><a href=\"\/aulablog21\/\">Aulablog21<\/a><\/p>\n<div style=\"text-align: center;\"><a href=\"http:\/\/www.adelat.org\/\">Bit\u00e1cora de An\u00edbal de la Torre<\/a><br \/><a href=\"http:\/\/www.actilingua.net\/blogdeunaprofedim.html\/\">Blog d\u2019una profe<\/a><br \/><a href=\"http:\/\/www.boulesis.com\/boule\/\">Boul\u00e9<\/a><br \/><a href=\"http:\/\/www.auladeletras.net\/blog\/\">Cuaderno de clase<\/a><br \/><a href=\"http:\/\/e-profes.net\/blog\/\">Cuaderno del profesor<\/a><br \/><a href=\"http:\/\/lenguabifida.zoomblog.com\/\">Darle a la lengua<\/a><br \/><a href=\"http:\/\/dialogica.com.ar\/\">Dial\u00f3gica<\/a><br \/><a href=\"http:\/\/www.vidadigital.net\/blog\/\">DigiZen<\/a><br \/><a href=\"http:\/\/weblog.educ.ar\/educacion-tics\/\">Educaci\u00f3n y TIC<\/a><br \/><a href=\"http:\/\/fresno.cnice.mecd.es\/~avaler3\/\">P\u00e1ginas dispersas<\/a><br \/><a href=\"http:\/\/www.educared.org.ar\/tamtam\/\">Tam Tam<\/a><br \/><a href=\"http:\/\/vidadeprofesor.blogia.com\/\">Vida de profesor<\/a><br \/><a href=\"http:\/\/cent.uji.es\/octeto\/\">Octeto<\/a><br \/>Son todos los que est\u00e1n aunque no est\u00e9n todos los que son pero el hecho de aparecer <a href=\"http:\/\/www.aulablog.com\/\">AulaBlog<\/a> de alguna manera premia a todos los que formais parte del Planeta Educativo.<\/p>\n<p class=\"MsoNormal\">Seg\u00fan <a target=\"_blank\" href=\"http:\/\/www.ecuaderno.com\/indexwp.php?p=1411\">nos cuenta Jos\u00e9 Luis <\/a><br \/>\n\u201d<a target=\"_blank\" href=\"http:\/\/www.ecuaderno.com\/indexwp.php?p=1411\"><i><span style=\"color: windowtext; text-decoration: none;\">Este<\/span><\/i><\/a><br \/>\n<i>no es un libro t\u00e9cnico, ni un libro para bloguers. Es un libro para gente<br \/>\ncorriente que quiere comprender por qu\u00e9 las bit\u00e1coras en la Red son el medio de<br \/>\nla gente, y c\u00f3mo pueden comenzar la suya\u201d<\/i><\/p>\n<p><a href=\"http:\/\/www.ecuaderno.com\/indexwp.php?p=1411\" target=\"_blank\"><em><\/em><\/a><\/div>\n<p>Esta tarde  voy a encargar el libro que estar\u00e1 disponible en las libreria el d\u00eda 20 de Junio llevar\u00e9 apuntados estos datos:<\/p>\n<p><strong>T\u00edtulo<\/strong>: La revoluci\u00f3n de los blogs. Cuando las bit\u00e1coras se convirtieron en el medio de comunicaci\u00f3n de la gente<\/p>\n<p><strong>Autor<\/strong>: Jos\u00e9 Luis Orihuela<\/p>\n<p><strong>Edici\u00f3n<\/strong>:<a target=\"_blank\" href=\"http:\/\/www.esferalibros.com\/libros\/librodetalle.html?libroISBN=8497344987\"> La Esfera de los Libros, Madrid, 2006, pp. 283<\/a>.<\/p>\n<p><strong>ISBN<\/strong>: 84-9734-498-7<br \/><a href=\"http:\/\/www.ecuaderno.com\/larevoluciondelosblogs\/\" target=\"_blank\">La p\u00e1gina que Jose Luis le dedica al libro es imprescindible<\/a> para todos los interesados en este mundo pues nos describe los cap\u00edtulos uno a uno e incluye los enlaces a los sitios citados en el libro as\u00ed como la bibliograf\u00eda usada por el autor, en muchos casos se trata de art\u00edculos, libros y comunicaciones disponibles online.<\/p>\n","protected":false},"excerpt":{"rendered":"<p>En La revoluci\u00f3n de los blogs libro cuyo autor es mi admirado Jos\u00e9 Luis Orhiuela aparece un anexo de selecci\u00f3n de blogs en espa\u00f1ol y por temas de gran inter\u00e9s. En el apartado Educaci\u00f3n tengo el honor de aparecer al lado de otros amigos: A pie de aulaArgumentsAulaBlogAulablog21 Bit\u00e1cora de An\u00edbal de la TorreBlog d\u2019una [&hellip;]<\/p>\n","protected":false},"author":1,"featured_media":0,"comment_status":"open","ping_status":"open","sticky":false,"template":"","format":"standard","meta":{"footnotes":""},"categories":[3,2],"tags":[],"class_list":["post-890","post","type-post","status-publish","format-standard","hentry","category-weblogs_herramientas_trucos_etc","category-weblogs_en_el_aula"],"_links":{"self":[{"href":"http:\/\/aula21.net\/aulablog21\/wp-json\/wp\/v2\/posts\/890","targetHints":{"allow":["GET"]}}],"collection":[{"href":"http:\/\/aula21.net\/aulablog21\/wp-json\/wp\/v2\/posts"}],"about":[{"href":"http:\/\/aula21.net\/aulablog21\/wp-json\/wp\/v2\/types\/post"}],"author":[{"embeddable":true,"href":"http:\/\/aula21.net\/aulablog21\/wp-json\/wp\/v2\/users\/1"}],"replies":[{"embeddable":true,"href":"http:\/\/aula21.net\/aulablog21\/wp-json\/wp\/v2\/comments?post=890"}],"version-history":[{"count":0,"href":"http:\/\/aula21.net\/aulablog21\/wp-json\/wp\/v2\/posts\/890\/revisions"}],"wp:attachment":[{"href":"http:\/\/aula21.net\/aulablog21\/wp-json\/wp\/v2\/media?parent=890"}],"wp:term":[{"taxonomy":"category","embeddable":true,"href":"http:\/\/aula21.net\/aulablog21\/wp-json\/wp\/v2\/categories?post=890"},{"taxonomy":"post_tag","embeddable":true,"href":"http:\/\/aula21.net\/aulablog21\/wp-json\/wp\/v2\/tags?post=890"}],"curies":[{"name":"wp","href":"https:\/\/api.w.org\/{rel}","templated":true}]}}