{"id":8933,"date":"2019-02-07T14:53:01","date_gmt":"2019-02-07T13:53:01","guid":{"rendered":"http:\/\/aula21.net\/aulablog21\/?p=8933"},"modified":"2020-06-02T15:51:31","modified_gmt":"2020-06-02T14:51:31","slug":"nuevo-rea-para-biologia-la-geosfera-la-roca-que-habitamos","status":"publish","type":"post","link":"http:\/\/aula21.net\/aulablog21\/archives\/2019\/02\/07\/nuevo-rea-para-biologia-la-geosfera-la-roca-que-habitamos\/","title":{"rendered":"Nuevo REA para Biolog\u00eda: la geosfera, la roca que habitamos"},"content":{"rendered":"<p>Os presentamos la quinta secuencia did\u00e1ctica de\u00a0<a href=\"https:\/\/emtic.educarex.es\/proyectocrea-bio\" target=\"_blank\" rel=\"nofollow noopener noreferrer\">Biolog\u00eda y Geolog\u00eda del Proyecto CREA<\/a>, (Creaci\u00f3n de Recursos Educativos Abiertos).<\/p>\n<p><img loading=\"lazy\" decoding=\"async\" class=\"aligncenter  wp-image-8934\" src=\"http:\/\/aula21.net\/aulablog21\/wp-content\/uploads\/2019\/02\/banner_arti\u0301culo.png\" alt=\"\" width=\"471\" height=\"142\" srcset=\"http:\/\/aula21.net\/aulablog21\/wp-content\/uploads\/2019\/02\/banner_arti\u0301culo.png 1122w, http:\/\/aula21.net\/aulablog21\/wp-content\/uploads\/2019\/02\/banner_arti\u0301culo-300x90.png 300w, http:\/\/aula21.net\/aulablog21\/wp-content\/uploads\/2019\/02\/banner_arti\u0301culo-1024x308.png 1024w, http:\/\/aula21.net\/aulablog21\/wp-content\/uploads\/2019\/02\/banner_arti\u0301culo-768x231.png 768w\" sizes=\"auto, (max-width: 471px) 100vw, 471px\" \/><\/p>\n<p>Lleva por t\u00edtulo\u00a0<strong><a href=\"https:\/\/emtic.educarex.es\/crea\/biologia\/geosfera\/index.html\" target=\"_blank\" rel=\"nofollow noopener noreferrer\">La geosfera, la roca que habitamos<\/a><\/strong><em>\u00a0<\/em>y en ella pretendemos que el alumnado conozca las diferentes capas de la Tierra, sus caracter\u00edsticas, c\u00f3mo est\u00e1n situadas y c\u00f3mo se originaron en el proceso de formaci\u00f3n de nuestro planeta.<\/p>\n<div style=\"width: 100%;\">\n<div style=\"position: relative; padding-bottom: 56.3125%; padding-top: 0; height: 0;\"><iframe loading=\"lazy\" style=\"position: absolute; top: 0; left: 0; width: 100%; height: 100%;\" src=\"https:\/\/view.genial.ly\/5c35c4fdb47b536e4b3c191c\" width=\"1600px\" height=\"901px\" frameborder=\"0\" scrolling=\"yes\" allowfullscreen=\"allowfullscreen\"><\/iframe><\/div>\n<p>&nbsp;<\/p>\n<\/div>\n<p><strong><a href=\"https:\/\/emtic.educarex.es\/crea\/biologia\/geosfera\/index.html\" target=\"_blank\" rel=\"nofollow noopener noreferrer\">La geosfera, la roca que habitamos<\/a>\u00a0<\/strong>junto con&#8230;<\/p>\n<ul>\n<li><a href=\"https:\/\/emtic.educarex.es\/crea\/biologia\/hidrosfera\/index.html\" target=\"_blank\" rel=\"nofollow noopener noreferrer\">Un planeta azul, la hidrosfera<\/a>,<\/li>\n<li><a href=\"https:\/\/emtic.educarex.es\/crea\/biologia\/atmosfera\/index.html\" target=\"_blank\" rel=\"nofollow noopener noreferrer\">La atm\u00f3sfera, el manto que nos protege<\/a>,<\/li>\n<li><a href=\"https:\/\/emtic.educarex.es\/crea\/biologia\/tierra\/index.html\" target=\"_blank\" rel=\"nofollow noopener noreferrer\">La Tierra, un planeta lleno de vida<\/a> y<\/li>\n<li><a href=\"https:\/\/emtic.educarex.es\/crea\/biologia\/microorganismos\/index.html\" target=\"_blank\" rel=\"nofollow noopener noreferrer\">Microorganismos , los seres vivos m\u00e1s sencillos<\/a><\/li>\n<\/ul>\n<p>cubren algunos de los aspectos esenciales que el alumnado debe conocer en el primer ciclo de ESO.<\/p>\n<p><script async src=\"https:\/\/pagead2.googlesyndication.com\/pagead\/js\/adsbygoogle.js\"><\/script><br \/>\n<ins class=\"adsbygoogle\"\n     style=\"display:block; text-align:center;\"\n     data-ad-layout=\"in-article\"\n     data-ad-format=\"fluid\"\n     data-ad-client=\"ca-pub-4907009861465828\"\n     data-ad-slot=\"3038402436\"><\/ins><br \/>\n<script>\n     (adsbygoogle = window.adsbygoogle || []).push({});\n<\/script><\/p>\n","protected":false},"excerpt":{"rendered":"<p>Os presentamos la quinta secuencia did\u00e1ctica de\u00a0Biolog\u00eda y Geolog\u00eda del Proyecto CREA, (Creaci\u00f3n de Recursos Educativos Abiertos). Lleva por t\u00edtulo\u00a0La geosfera, la roca que habitamos\u00a0y en ella pretendemos que el alumnado conozca las diferentes capas de la Tierra, sus caracter\u00edsticas, c\u00f3mo est\u00e1n situadas y c\u00f3mo se originaron en el proceso de formaci\u00f3n de nuestro planeta. [&hellip;]<\/p>\n","protected":false},"author":1,"featured_media":0,"comment_status":"closed","ping_status":"closed","sticky":false,"template":"","format":"standard","meta":{"footnotes":""},"categories":[37,8,14],"tags":[],"class_list":["post-8933","post","type-post","status-publish","format-standard","hentry","category-colaboraciones","category-educacion_e_internet","category-recursos-variados"],"_links":{"self":[{"href":"http:\/\/aula21.net\/aulablog21\/wp-json\/wp\/v2\/posts\/8933","targetHints":{"allow":["GET"]}}],"collection":[{"href":"http:\/\/aula21.net\/aulablog21\/wp-json\/wp\/v2\/posts"}],"about":[{"href":"http:\/\/aula21.net\/aulablog21\/wp-json\/wp\/v2\/types\/post"}],"author":[{"embeddable":true,"href":"http:\/\/aula21.net\/aulablog21\/wp-json\/wp\/v2\/users\/1"}],"replies":[{"embeddable":true,"href":"http:\/\/aula21.net\/aulablog21\/wp-json\/wp\/v2\/comments?post=8933"}],"version-history":[{"count":6,"href":"http:\/\/aula21.net\/aulablog21\/wp-json\/wp\/v2\/posts\/8933\/revisions"}],"predecessor-version":[{"id":9039,"href":"http:\/\/aula21.net\/aulablog21\/wp-json\/wp\/v2\/posts\/8933\/revisions\/9039"}],"wp:attachment":[{"href":"http:\/\/aula21.net\/aulablog21\/wp-json\/wp\/v2\/media?parent=8933"}],"wp:term":[{"taxonomy":"category","embeddable":true,"href":"http:\/\/aula21.net\/aulablog21\/wp-json\/wp\/v2\/categories?post=8933"},{"taxonomy":"post_tag","embeddable":true,"href":"http:\/\/aula21.net\/aulablog21\/wp-json\/wp\/v2\/tags?post=8933"}],"curies":[{"name":"wp","href":"https:\/\/api.w.org\/{rel}","templated":true}]}}