{"id":8954,"date":"2019-11-08T10:53:51","date_gmt":"2019-11-08T09:53:51","guid":{"rendered":"http:\/\/aula21.net\/aulablog21\/?p=8954"},"modified":"2020-06-02T15:45:09","modified_gmt":"2020-06-02T14:45:09","slug":"8954","status":"publish","type":"post","link":"http:\/\/aula21.net\/aulablog21\/archives\/2019\/11\/08\/8954\/","title":{"rendered":"Nuevo REA del Proyecto CREA: Vertebrados: los animales m\u00e1s evolucionados."},"content":{"rendered":"<p>Os presentamos una nueva\u00a0 secuencia did\u00e1ctica de <a href=\"https:\/\/emtic.educarex.es\/proyectocrea-bio\" target=\"_blank\" rel=\"nofollow noopener noreferrer\">Biolog\u00eda y Geolog\u00eda del Proyecto CREA<\/a>, (Creaci\u00f3n de Recursos Educativos Abiertos).<\/p>\n<p>Lleva por t\u00edtulo <strong><a href=\"https:\/\/emtic.educarex.es\/285-proyecto-crea\/3311-vertebrados-los-animales-mas-evolucionados\" target=\"_blank\" rel=\"nofollow noopener noreferrer\">Vertebrados: los animales m\u00e1s evolucionados<\/a><\/strong>. Est\u00e1 dividida en <strong>secciones<\/strong>, desde las cuales se trabajan diferentes contenidos, conceptos y capacidades. Explicamos brevemente qu\u00e9 podemos encontrar en cada una de ellas:<br \/>\n<a href=\"https:\/\/emtic.educarex.es\/285-proyecto-crea\/3311-vertebrados-los-animales-mas-evolucionados\"><img loading=\"lazy\" decoding=\"async\" class=\"aligncenter size-full wp-image-8955\" src=\"http:\/\/aula21.net\/aulablog21\/wp-content\/uploads\/2019\/11\/Captura-de-pantalla-2019-11-08-a-las-10.30.58.png\" alt=\"\" width=\"450\" height=\"249\" srcset=\"http:\/\/aula21.net\/aulablog21\/wp-content\/uploads\/2019\/11\/Captura-de-pantalla-2019-11-08-a-las-10.30.58.png 680w, http:\/\/aula21.net\/aulablog21\/wp-content\/uploads\/2019\/11\/Captura-de-pantalla-2019-11-08-a-las-10.30.58-300x166.png 300w\" sizes=\"auto, (max-width: 450px) 100vw, 450px\" \/><\/a><\/p>\n<div style=\"width: 100%;\">\n<p><strong><a href=\"https:\/\/emtic.educarex.es\/285-proyecto-crea\/3311-vertebrados-los-animales-mas-evolucionados\" target=\"_blank\" rel=\"nofollow noopener noreferrer\">Vertebrados: los animales m\u00e1s evolucionados<\/a><\/strong> cubre algunos de los aspectos esenciales que el alumnado debe conocer en el primer ciclo de ESO junto las secuencias did\u00e1cticas publicadas hasta la fecha.<\/p>\n<\/div>\n<ul>\n<li><a href=\"https:\/\/emtic.educarex.es\/crea\/biologia\/hidrosfera\/index.html\" target=\"_blank\" rel=\"nofollow noopener noreferrer\">Un planeta azul, la hidrosfera<\/a>,<\/li>\n<li><a href=\"https:\/\/emtic.educarex.es\/crea\/biologia\/atmosfera\/index.html\" target=\"_blank\" rel=\"nofollow noopener noreferrer\">La atm\u00f3sfera, el manto que nos protege<\/a>,<\/li>\n<li><a href=\"https:\/\/emtic.educarex.es\/crea\/biologia\/tierra\/index.html\" target=\"_blank\" rel=\"nofollow noopener noreferrer\">La Tierra, un planeta lleno de vida<\/a><\/li>\n<li><a href=\"https:\/\/emtic.educarex.es\/crea\/biologia\/microorganismos\/index.html\" target=\"_blank\" rel=\"nofollow noopener noreferrer\">Microorganismos , los seres vivos m\u00e1s sencillos<\/a><\/li>\n<li><a href=\"https:\/\/emtic.educarex.es\/crea\/biologia\/geosfera\/index.html\" target=\"_blank\" rel=\"nofollow noopener noreferrer\">Geosfera, la roca que habitamos<\/a><\/li>\n<li><a href=\"https:\/\/emtic.educarex.es\/285-proyecto-crea\/3245-rea-esculpiendo-el-paisaje\">Esculpiendo el paisaje<\/a><\/li>\n<li><a href=\"https:\/\/emtic.educarex.es\/285-proyecto-crea\/3255-rea-agentes-secretos-del-relieve\">Los agentes secretos del relieve<\/a><\/li>\n<\/ul>\n<p>&nbsp;<br \/>\n<script async src=\"https:\/\/pagead2.googlesyndication.com\/pagead\/js\/adsbygoogle.js\"><\/script><br \/>\n<ins class=\"adsbygoogle\"\n     style=\"display:block; text-align:center;\"\n     data-ad-layout=\"in-article\"\n     data-ad-format=\"fluid\"\n     data-ad-client=\"ca-pub-4907009861465828\"\n     data-ad-slot=\"3038402436\"><\/ins><br \/>\n<script>\n     (adsbygoogle = window.adsbygoogle || []).push({});\n<\/script><\/p>\n","protected":false},"excerpt":{"rendered":"<p>Os presentamos una nueva\u00a0 secuencia did\u00e1ctica de Biolog\u00eda y Geolog\u00eda del Proyecto CREA, (Creaci\u00f3n de Recursos Educativos Abiertos). Lleva por t\u00edtulo Vertebrados: los animales m\u00e1s evolucionados. Est\u00e1 dividida en secciones, desde las cuales se trabajan diferentes contenidos, conceptos y capacidades. Explicamos brevemente qu\u00e9 podemos encontrar en cada una de ellas: Vertebrados: los animales m\u00e1s evolucionados [&hellip;]<\/p>\n","protected":false},"author":1,"featured_media":0,"comment_status":"closed","ping_status":"closed","sticky":false,"template":"","format":"standard","meta":{"footnotes":""},"categories":[37,8,14],"tags":[],"class_list":["post-8954","post","type-post","status-publish","format-standard","hentry","category-colaboraciones","category-educacion_e_internet","category-recursos-variados"],"_links":{"self":[{"href":"http:\/\/aula21.net\/aulablog21\/wp-json\/wp\/v2\/posts\/8954","targetHints":{"allow":["GET"]}}],"collection":[{"href":"http:\/\/aula21.net\/aulablog21\/wp-json\/wp\/v2\/posts"}],"about":[{"href":"http:\/\/aula21.net\/aulablog21\/wp-json\/wp\/v2\/types\/post"}],"author":[{"embeddable":true,"href":"http:\/\/aula21.net\/aulablog21\/wp-json\/wp\/v2\/users\/1"}],"replies":[{"embeddable":true,"href":"http:\/\/aula21.net\/aulablog21\/wp-json\/wp\/v2\/comments?post=8954"}],"version-history":[{"count":6,"href":"http:\/\/aula21.net\/aulablog21\/wp-json\/wp\/v2\/posts\/8954\/revisions"}],"predecessor-version":[{"id":9033,"href":"http:\/\/aula21.net\/aulablog21\/wp-json\/wp\/v2\/posts\/8954\/revisions\/9033"}],"wp:attachment":[{"href":"http:\/\/aula21.net\/aulablog21\/wp-json\/wp\/v2\/media?parent=8954"}],"wp:term":[{"taxonomy":"category","embeddable":true,"href":"http:\/\/aula21.net\/aulablog21\/wp-json\/wp\/v2\/categories?post=8954"},{"taxonomy":"post_tag","embeddable":true,"href":"http:\/\/aula21.net\/aulablog21\/wp-json\/wp\/v2\/tags?post=8954"}],"curies":[{"name":"wp","href":"https:\/\/api.w.org\/{rel}","templated":true}]}}