{"id":8972,"date":"2020-01-24T10:09:12","date_gmt":"2020-01-24T09:09:12","guid":{"rendered":"http:\/\/aula21.net\/aulablog21\/?p=8972"},"modified":"2020-06-02T15:42:50","modified_gmt":"2020-06-02T14:42:50","slug":"nuevo-rea-del-proyectocrea-ecosistemas-conocerlos-para-protegerlos","status":"publish","type":"post","link":"http:\/\/aula21.net\/aulablog21\/archives\/2020\/01\/24\/nuevo-rea-del-proyectocrea-ecosistemas-conocerlos-para-protegerlos\/","title":{"rendered":"Nuevo REA del proyectoCREA: Ecosistemas, conocerlos para protegerlos"},"content":{"rendered":"<p>Os presentamos una nueva secuencia did\u00e1ctica de <a href=\"https:\/\/emtic.educarex.es\/proyectocrea-bio\" target=\"_blank\" rel=\"nofollow noopener noreferrer\">Biolog\u00eda y Geolog\u00eda del Proyecto CREA<\/a>, (Creaci\u00f3n de Recursos Educativos Abiertos).<\/p>\n<p>Lleva por t\u00edtulo <a href=\"https:\/\/emtic.educarex.es\/285-emtic\/proyecto-crea\/3328-rea-de-biologia-los-ecosistemas-conocerlos-para-protegerlos\">Ecosistemas, conocerlo para protegerlos<\/a>. Est\u00e1 dividida en <strong>secciones<\/strong>, desde las cuales se trabajan diferentes contenidos, conceptos y capacidades. Las actividades y tareas que integran este recurso servir\u00e1n para centrar el inter\u00e9s de nuestros alumnos en el conocimiento de los ecosistemas y para concienciarse de la importancia de protegerlos para nuestra supervivencia y la del resto de seres vivos que pueblan nuestro planeta.<br \/>\n<a href=\"https:\/\/emtic.educarex.es\/285-emtic\/proyecto-crea\/3328-rea-de-biologia-los-ecosistemas-conocerlos-para-protegerlos\"><img loading=\"lazy\" decoding=\"async\" class=\"aligncenter size-full wp-image-8973\" src=\"http:\/\/aula21.net\/aulablog21\/wp-content\/uploads\/2020\/01\/EMTIC_ecosistemas_conocerlos_protegerlos-1f7240e8.png\" alt=\"\" width=\"400\" height=\"120\" srcset=\"http:\/\/aula21.net\/aulablog21\/wp-content\/uploads\/2020\/01\/EMTIC_ecosistemas_conocerlos_protegerlos-1f7240e8.png 400w, http:\/\/aula21.net\/aulablog21\/wp-content\/uploads\/2020\/01\/EMTIC_ecosistemas_conocerlos_protegerlos-1f7240e8-300x90.png 300w\" sizes=\"auto, (max-width: 400px) 100vw, 400px\" \/><\/a><\/p>\n<div style=\"width: 100%;\">\n<p><strong><a href=\"https:\/\/emtic.educarex.es\/285-emtic\/proyecto-crea\/3328-rea-de-biologia-los-ecosistemas-conocerlos-para-protegerlos\">Ecosistemas, conocerlo para protegerlos<\/a><\/strong> cubre algunos de los aspectos esenciales que el alumnado debe conocer en el primer ciclo de ESO junto las secuencias did\u00e1cticas publicadas hasta la fecha.<\/p>\n<\/div>\n<ul>\n<li><a href=\"https:\/\/emtic.educarex.es\/crea\/biologia\/hidrosfera\/index.html\" target=\"_blank\" rel=\"nofollow noopener noreferrer\">Un planeta azul, la hidrosfera<\/a>,<\/li>\n<li><a href=\"https:\/\/emtic.educarex.es\/crea\/biologia\/atmosfera\/index.html\" target=\"_blank\" rel=\"nofollow noopener noreferrer\">La atm\u00f3sfera, el manto que nos protege<\/a>,<\/li>\n<li><a href=\"https:\/\/emtic.educarex.es\/crea\/biologia\/tierra\/index.html\" target=\"_blank\" rel=\"nofollow noopener noreferrer\">La Tierra, un planeta lleno de vida<\/a><\/li>\n<li><a href=\"https:\/\/emtic.educarex.es\/crea\/biologia\/microorganismos\/index.html\" target=\"_blank\" rel=\"nofollow noopener noreferrer\">Microorganismos , los seres vivos m\u00e1s sencillos<\/a><\/li>\n<li><a href=\"https:\/\/emtic.educarex.es\/crea\/biologia\/geosfera\/index.html\" target=\"_blank\" rel=\"nofollow noopener noreferrer\">Geosfera, la roca que habitamos<\/a><\/li>\n<li><a href=\"https:\/\/emtic.educarex.es\/285-proyecto-crea\/3245-rea-esculpiendo-el-paisaje\">Esculpiendo el paisaje<\/a><\/li>\n<li><a href=\"https:\/\/emtic.educarex.es\/285-proyecto-crea\/3255-rea-agentes-secretos-del-relieve\">Los agentes secretos del relieve<\/a><\/li>\n<li><a href=\"https:\/\/emtic.educarex.es\/285-proyecto-crea\/3311-vertebrados-los-animales-mas-evolucionados\" target=\"_blank\" rel=\"nofollow noopener noreferrer\">Vertebrados: los animales m\u00e1s evolucionados<\/a><\/li>\n<li><a href=\"https:\/\/emtic.educarex.es\/crea\/biologia\/tierra_interior_dinamico\/index.html\" target=\"_blank\" rel=\"nofollow noopener noreferrer\">La Tierra, un interior muy din\u00e1mico\u00a0<\/a><\/li>\n<\/ul>\n<p>&nbsp;<\/p>\n<p style=\"text-align: center;\"><!--adsense--><\/p>\n","protected":false},"excerpt":{"rendered":"<p>Os presentamos una nueva secuencia did\u00e1ctica de Biolog\u00eda y Geolog\u00eda del Proyecto CREA, (Creaci\u00f3n de Recursos Educativos Abiertos). Lleva por t\u00edtulo Ecosistemas, conocerlo para protegerlos. Est\u00e1 dividida en secciones, desde las cuales se trabajan diferentes contenidos, conceptos y capacidades. Las actividades y tareas que integran este recurso servir\u00e1n para centrar el inter\u00e9s de nuestros alumnos [&hellip;]<\/p>\n","protected":false},"author":1,"featured_media":0,"comment_status":"closed","ping_status":"closed","sticky":false,"template":"","format":"standard","meta":{"footnotes":""},"categories":[42,37,8,14],"tags":[],"class_list":["post-8972","post","type-post","status-publish","format-standard","hentry","category-buenas-practicas","category-colaboraciones","category-educacion_e_internet","category-recursos-variados"],"_links":{"self":[{"href":"http:\/\/aula21.net\/aulablog21\/wp-json\/wp\/v2\/posts\/8972","targetHints":{"allow":["GET"]}}],"collection":[{"href":"http:\/\/aula21.net\/aulablog21\/wp-json\/wp\/v2\/posts"}],"about":[{"href":"http:\/\/aula21.net\/aulablog21\/wp-json\/wp\/v2\/types\/post"}],"author":[{"embeddable":true,"href":"http:\/\/aula21.net\/aulablog21\/wp-json\/wp\/v2\/users\/1"}],"replies":[{"embeddable":true,"href":"http:\/\/aula21.net\/aulablog21\/wp-json\/wp\/v2\/comments?post=8972"}],"version-history":[{"count":3,"href":"http:\/\/aula21.net\/aulablog21\/wp-json\/wp\/v2\/posts\/8972\/revisions"}],"predecessor-version":[{"id":9032,"href":"http:\/\/aula21.net\/aulablog21\/wp-json\/wp\/v2\/posts\/8972\/revisions\/9032"}],"wp:attachment":[{"href":"http:\/\/aula21.net\/aulablog21\/wp-json\/wp\/v2\/media?parent=8972"}],"wp:term":[{"taxonomy":"category","embeddable":true,"href":"http:\/\/aula21.net\/aulablog21\/wp-json\/wp\/v2\/categories?post=8972"},{"taxonomy":"post_tag","embeddable":true,"href":"http:\/\/aula21.net\/aulablog21\/wp-json\/wp\/v2\/tags?post=8972"}],"curies":[{"name":"wp","href":"https:\/\/api.w.org\/{rel}","templated":true}]}}