{"id":9004,"date":"2020-05-30T09:27:24","date_gmt":"2020-05-30T08:27:24","guid":{"rendered":"https:\/\/aula21.net\/aulablog21\/?p=9004"},"modified":"2020-06-02T15:49:10","modified_gmt":"2020-06-02T14:49:10","slug":"coronavirus-paremos-la-pandemia","status":"publish","type":"post","link":"http:\/\/aula21.net\/aulablog21\/archives\/2020\/05\/30\/coronavirus-paremos-la-pandemia\/","title":{"rendered":"Coronavirus, paremos la pandemia"},"content":{"rendered":"<p><script async src=\"https:\/\/pagead2.googlesyndication.com\/pagead\/js\/adsbygoogle.js\"><\/script><br \/>\n<ins class=\"adsbygoogle\"\n     style=\"display:block; text-align:center;\"\n     data-ad-layout=\"in-article\"\n     data-ad-format=\"fluid\"\n     data-ad-client=\"ca-pub-4907009861465828\"\n     data-ad-slot=\"3038402436\"><\/ins><br \/>\n<script>\n     (adsbygoogle = window.adsbygoogle || []).push({});\n<\/script><br \/>\nEl <strong>REA<\/strong>\u00a0\u00ab<strong><a href=\"https:\/\/emtic.educarex.es\/crea\/tutoria\/paremos_pandemia\/index.html\" target=\"_blank\" rel=\"nofollow noopener noreferrer\">Coronavirus, paremos la pandemia<\/a>\u00ab,<\/strong> nos ense\u00f1a, entre otras cosas, c\u00f3mo se propaga el virus de unos a otros mediante gotas respiratorias que se producen cuando una persona infectada tose o estornuda, pueden llegar a la boca o la nariz de las personas que se encuentren a nuestro lado y posiblemente entrar a los pulmones al respirar.<\/p>\n<p><a href=\"https:\/\/emtic.educarex.es\/crea\/tutoria\/paremos_pandemia\/index.html\" target=\"_blank\" rel=\"noopener noreferrer\"><img loading=\"lazy\" decoding=\"async\" class=\"aligncenter\" src=\"https:\/\/emtic.educarex.es\/templates\/yootheme\/cache\/Banner_art%C3%ADculo_EMTIC_1-16d64511.png\" alt=\"\" width=\"466\" height=\"140\" \/><\/a><\/p>\n<p>Este recurso del <a href=\"https:\/\/enmarchaconlastic.educarex.es\/creasite\" target=\"_blank\" rel=\"nofollow noopener noreferrer\">programa CREA de Extremadura<\/a> nos proporciona, mediante la <strong>ludificaci\u00f3n<\/strong> o <strong>gamificaci\u00f3n<\/strong>, un material para trabajar en<strong> tutor\u00edas<\/strong> con los cursos de <strong>ESO<\/strong>, y mostrar a nuestro alumnado de una manera sencilla y directa una serie de temas de inter\u00e9s sobre el coronavirus, y lo que es m\u00e1s importante, llamar la atenci\u00f3n sobre un valor tan necesario en estos d\u00edas como la solidaridad y la lucha por un mundo mejor; una solidaridad que viene de la mano de la generosidad y que el alumnado, a trav\u00e9s de misiones a lo largo del <a href=\"https:\/\/emtic.educarex.es\/crea\/tutoria\/paremos_pandemia\/index.html\" target=\"_blank\" rel=\"nofollow noopener noreferrer\"><strong>REA<\/strong><\/a>.<\/p>\n","protected":false},"excerpt":{"rendered":"<p>El REA\u00a0\u00abCoronavirus, paremos la pandemia\u00ab, nos ense\u00f1a, entre otras cosas, c\u00f3mo se propaga el virus de unos a otros mediante gotas respiratorias que se producen cuando una persona infectada tose o estornuda, pueden llegar a la boca o la nariz de las personas que se encuentren a nuestro lado y posiblemente entrar a los pulmones [&hellip;]<\/p>\n","protected":false},"author":1,"featured_media":0,"comment_status":"closed","ping_status":"closed","sticky":false,"template":"","format":"standard","meta":{"footnotes":""},"categories":[8,14],"tags":[],"class_list":["post-9004","post","type-post","status-publish","format-standard","hentry","category-educacion_e_internet","category-recursos-variados"],"_links":{"self":[{"href":"http:\/\/aula21.net\/aulablog21\/wp-json\/wp\/v2\/posts\/9004","targetHints":{"allow":["GET"]}}],"collection":[{"href":"http:\/\/aula21.net\/aulablog21\/wp-json\/wp\/v2\/posts"}],"about":[{"href":"http:\/\/aula21.net\/aulablog21\/wp-json\/wp\/v2\/types\/post"}],"author":[{"embeddable":true,"href":"http:\/\/aula21.net\/aulablog21\/wp-json\/wp\/v2\/users\/1"}],"replies":[{"embeddable":true,"href":"http:\/\/aula21.net\/aulablog21\/wp-json\/wp\/v2\/comments?post=9004"}],"version-history":[{"count":4,"href":"http:\/\/aula21.net\/aulablog21\/wp-json\/wp\/v2\/posts\/9004\/revisions"}],"predecessor-version":[{"id":9036,"href":"http:\/\/aula21.net\/aulablog21\/wp-json\/wp\/v2\/posts\/9004\/revisions\/9036"}],"wp:attachment":[{"href":"http:\/\/aula21.net\/aulablog21\/wp-json\/wp\/v2\/media?parent=9004"}],"wp:term":[{"taxonomy":"category","embeddable":true,"href":"http:\/\/aula21.net\/aulablog21\/wp-json\/wp\/v2\/categories?post=9004"},{"taxonomy":"post_tag","embeddable":true,"href":"http:\/\/aula21.net\/aulablog21\/wp-json\/wp\/v2\/tags?post=9004"}],"curies":[{"name":"wp","href":"https:\/\/api.w.org\/{rel}","templated":true}]}}