{"id":9073,"date":"2020-12-22T17:23:36","date_gmt":"2020-12-22T16:23:36","guid":{"rendered":"https:\/\/aula21.net\/aulablog21\/?p=9073"},"modified":"2020-12-22T17:23:36","modified_gmt":"2020-12-22T16:23:36","slug":"nuevo-rea-de-fisica-y-quimica-la-energia-el-motor-de-la-vida","status":"publish","type":"post","link":"http:\/\/aula21.net\/aulablog21\/archives\/2020\/12\/22\/nuevo-rea-de-fisica-y-quimica-la-energia-el-motor-de-la-vida\/","title":{"rendered":"Nuevo REA de F\u00edsica y Qu\u00edmica: La energ\u00eda, el motor de la vida"},"content":{"rendered":"<p>Un nuevo REA de F\u00edsica y Qu\u00edmica del <a href=\"https:\/\/emtic.educarex.es\/creasite\/pcrea\/285-emtic\/proyecto-crea\/3373-proyectocrea-fyq\" target=\"_blank\" rel=\"nofollow noopener noreferrer\">proyecto CREA<\/a> para 2\u00ba de ESO que lleva por t\u00edtulo <a href=\"https:\/\/emtic.educarex.es\/crea\/fisica_quimica\/energia_motorvida\/index.html\" target=\"_blank\" rel=\"nofollow noopener noreferrer\">\u201cLa energ\u00eda, el motor de la vida\u201d<\/a>.<\/p>\n<p>La energ\u00eda nos rodea, est\u00e1 presente en todas partes y es necesaria para la vida pero tambi\u00e9n tiene un lado oscuro: la contaminaci\u00f3n, provocada por la extracci\u00f3n y el uso de la energ\u00eda, es cada vez m\u00e1s destructora. Es uno de los principales responsables del calentamiento global que sufre nuestro planeta.<\/p>\n<p><a href=\"https:\/\/emtic.educarex.es\/crea\/fisica_quimica\/energia_motorvida\/index.html\" target=\"_blank\" rel=\"noopener noreferrer\"><img loading=\"lazy\" decoding=\"async\" class=\"aligncenter\" src=\"https:\/\/emtic.educarex.es\/templates\/yootheme\/cache\/Banner_REA_la_energi%CC%81a_CREA_emtic1-d8e59cfe.png\" alt=\"\" width=\"507\" height=\"152\" \/><\/a><br \/>\nLa sociedad necesita j\u00f3venes investigadores que desempe\u00f1en una labor informativa para concienciar a la gente sobre el uso racional de la energ\u00eda y el cuidado del planeta.<br \/>\nLa tarea final ser\u00e1 organizar una campa\u00f1a de concienciaci\u00f3n y proponer medidas para ahorrar energ\u00eda en nuestro centro educativo. Para ello primero debemos conocer qu\u00e9 es la energ\u00eda, sus propiedades, formas de obtenci\u00f3n y analizar su uso racional y sostenible.<br \/>\n<a href=\"https:\/\/emtic.educarex.es\/285-emtic\/proyecto-crea\/3440-nuevo-rea-de-fisica-y-quimica-la-energia-el-motor-de-la-vida\" target=\"_blank\" rel=\"noopener noreferrer\">Leer m\u00e1s<\/a><\/p>\n","protected":false},"excerpt":{"rendered":"<p>Un nuevo REA de F\u00edsica y Qu\u00edmica del proyecto CREA para 2\u00ba de ESO que lleva por t\u00edtulo \u201cLa energ\u00eda, el motor de la vida\u201d. La energ\u00eda nos rodea, est\u00e1 presente en todas partes y es necesaria para la vida pero tambi\u00e9n tiene un lado oscuro: la contaminaci\u00f3n, provocada por la extracci\u00f3n y el uso [&hellip;]<\/p>\n","protected":false},"author":1,"featured_media":0,"comment_status":"closed","ping_status":"closed","sticky":false,"template":"","format":"standard","meta":{"footnotes":""},"categories":[37,14],"tags":[],"class_list":["post-9073","post","type-post","status-publish","format-standard","hentry","category-colaboraciones","category-recursos-variados"],"_links":{"self":[{"href":"http:\/\/aula21.net\/aulablog21\/wp-json\/wp\/v2\/posts\/9073","targetHints":{"allow":["GET"]}}],"collection":[{"href":"http:\/\/aula21.net\/aulablog21\/wp-json\/wp\/v2\/posts"}],"about":[{"href":"http:\/\/aula21.net\/aulablog21\/wp-json\/wp\/v2\/types\/post"}],"author":[{"embeddable":true,"href":"http:\/\/aula21.net\/aulablog21\/wp-json\/wp\/v2\/users\/1"}],"replies":[{"embeddable":true,"href":"http:\/\/aula21.net\/aulablog21\/wp-json\/wp\/v2\/comments?post=9073"}],"version-history":[{"count":1,"href":"http:\/\/aula21.net\/aulablog21\/wp-json\/wp\/v2\/posts\/9073\/revisions"}],"predecessor-version":[{"id":9074,"href":"http:\/\/aula21.net\/aulablog21\/wp-json\/wp\/v2\/posts\/9073\/revisions\/9074"}],"wp:attachment":[{"href":"http:\/\/aula21.net\/aulablog21\/wp-json\/wp\/v2\/media?parent=9073"}],"wp:term":[{"taxonomy":"category","embeddable":true,"href":"http:\/\/aula21.net\/aulablog21\/wp-json\/wp\/v2\/categories?post=9073"},{"taxonomy":"post_tag","embeddable":true,"href":"http:\/\/aula21.net\/aulablog21\/wp-json\/wp\/v2\/tags?post=9073"}],"curies":[{"name":"wp","href":"https:\/\/api.w.org\/{rel}","templated":true}]}}