{"id":9091,"date":"2021-03-25T12:01:31","date_gmt":"2021-03-25T11:01:31","guid":{"rendered":"https:\/\/aula21.net\/aulablog21\/?p=9091"},"modified":"2021-03-25T12:01:31","modified_gmt":"2021-03-25T11:01:31","slug":"proyecto-edia-recuso-para-ciencias-investigando-la-energia","status":"publish","type":"post","link":"http:\/\/aula21.net\/aulablog21\/archives\/2021\/03\/25\/proyecto-edia-recuso-para-ciencias-investigando-la-energia\/","title":{"rendered":"Proyecto EDIA. Recuso para ciencias: Investigando la energ\u00eda"},"content":{"rendered":"<p>El REA \u201c<a href=\"https:\/\/descargas.intef.es\/cedec\/proyectoedia\/fisica_quimica\/contenidos\/investigando_energia\/index.html\" target=\"_blank\" rel=\"noopener noreferrer\">Investigando la energ\u00eda<\/a>\u201d est\u00e1 dirigida al alumnado de 2\u00ba de ESO, de la materia de F\u00edsica y Qu\u00edmica (aunque tambi\u00e9n es adecuado para otros cursos). Se une a los REAs \u2018<a href=\"https:\/\/descargas.intef.es\/cedec\/proyectoedia\/fisica_quimica\/contenidos\/actividad_cientifica\/index.html\">Investigando la actividad cient\u00edfica<\/a>\u2018 , \u201c<a href=\"https:\/\/descargas.intef.es\/cedec\/proyectoedia\/fisica_quimica\/contenidos\/investigando_propiedades_materia\/index.html\">Investigando las propiedades de la materia<\/a>\u201d, \u201c<a href=\"https:\/\/descargas.intef.es\/cedec\/proyectoedia\/fisica_quimica\/contenidos\/investigando_sistemas_materiales\/index.html\">Investigando los sistemas materiales<\/a>\u201d , <a href=\"https:\/\/descargas.intef.es\/cedec\/proyectoedia\/fisica_quimica\/contenidos\/investigando_fuerzas\/index.html\">\u201cInvestigando fuerzas<\/a>\u201d,<a href=\"https:\/\/descargas.intef.es\/cedec\/proyectoedia\/fisica_quimica\/contenidos\/investigando_fuerzas\/index.html\">\u00a0<\/a> \u201c<a href=\"https:\/\/descargas.intef.es\/cedec\/proyectoedia\/fisica_quimica\/contenidos\/investigando_movimiento\/index.html\" target=\"_blank\" rel=\"noopener noreferrer\">Investigando el movimiento<\/a>\u201d\u00a0 y el REA \u201c<a href=\"https:\/\/descargas.intef.es\/cedec\/proyectoedia\/fisica_quimica\/contenidos\/investigando_calor\/index.html\" target=\"_blank\" rel=\"noopener noreferrer\">Investigando el calor<\/a>\u201d publicados anteriormente como parte de una serie de REAs que abordan el curr\u00edculo a trav\u00e9s de retos y que se denominan, en su conjunto, \u2018Investigando\u2019.<\/p>\n<h3><a href=\"https:\/\/cedec.intef.es\/proyecto-edia-recuso-para-ciencias-investigando-la-energia\/https:\/\/cedec.intef.es\/proyecto-edia-recuso-para-ciencias-investigando-la-energia\/\" target=\"_blank\" rel=\"noopener noreferrer\">Seguir leyendo<\/a><\/h3>\n<p><img loading=\"lazy\" decoding=\"async\" class=\"aligncenter\" src=\"https:\/\/cedec.intef.es\/wp-content\/uploads\/h5p\/content\/142\/images\/image-60586a9dbd6f6.png\" alt=\"\" width=\"469\" height=\"348\" \/><\/p>\n<p>&nbsp;<\/p>\n","protected":false},"excerpt":{"rendered":"<p>El REA \u201cInvestigando la energ\u00eda\u201d est\u00e1 dirigida al alumnado de 2\u00ba de ESO, de la materia de F\u00edsica y Qu\u00edmica (aunque tambi\u00e9n es adecuado para otros cursos). Se une a los REAs \u2018Investigando la actividad cient\u00edfica\u2018 , \u201cInvestigando las propiedades de la materia\u201d, \u201cInvestigando los sistemas materiales\u201d , \u201cInvestigando fuerzas\u201d,\u00a0 \u201cInvestigando el movimiento\u201d\u00a0 y el [&hellip;]<\/p>\n","protected":false},"author":1,"featured_media":0,"comment_status":"closed","ping_status":"closed","sticky":false,"template":"","format":"standard","meta":{"footnotes":""},"categories":[42,8,14],"tags":[],"class_list":["post-9091","post","type-post","status-publish","format-standard","hentry","category-buenas-practicas","category-educacion_e_internet","category-recursos-variados"],"_links":{"self":[{"href":"http:\/\/aula21.net\/aulablog21\/wp-json\/wp\/v2\/posts\/9091","targetHints":{"allow":["GET"]}}],"collection":[{"href":"http:\/\/aula21.net\/aulablog21\/wp-json\/wp\/v2\/posts"}],"about":[{"href":"http:\/\/aula21.net\/aulablog21\/wp-json\/wp\/v2\/types\/post"}],"author":[{"embeddable":true,"href":"http:\/\/aula21.net\/aulablog21\/wp-json\/wp\/v2\/users\/1"}],"replies":[{"embeddable":true,"href":"http:\/\/aula21.net\/aulablog21\/wp-json\/wp\/v2\/comments?post=9091"}],"version-history":[{"count":1,"href":"http:\/\/aula21.net\/aulablog21\/wp-json\/wp\/v2\/posts\/9091\/revisions"}],"predecessor-version":[{"id":9092,"href":"http:\/\/aula21.net\/aulablog21\/wp-json\/wp\/v2\/posts\/9091\/revisions\/9092"}],"wp:attachment":[{"href":"http:\/\/aula21.net\/aulablog21\/wp-json\/wp\/v2\/media?parent=9091"}],"wp:term":[{"taxonomy":"category","embeddable":true,"href":"http:\/\/aula21.net\/aulablog21\/wp-json\/wp\/v2\/categories?post=9091"},{"taxonomy":"post_tag","embeddable":true,"href":"http:\/\/aula21.net\/aulablog21\/wp-json\/wp\/v2\/tags?post=9091"}],"curies":[{"name":"wp","href":"https:\/\/api.w.org\/{rel}","templated":true}]}}