{"id":9105,"date":"2021-06-29T10:23:05","date_gmt":"2021-06-29T09:23:05","guid":{"rendered":"https:\/\/aula21.net\/aulablog21\/?p=9105"},"modified":"2021-06-29T14:04:33","modified_gmt":"2021-06-29T13:04:33","slug":"proyecto-meteoescuela","status":"publish","type":"post","link":"http:\/\/aula21.net\/aulablog21\/archives\/2021\/06\/29\/proyecto-meteoescuela\/","title":{"rendered":"Proyecto Meteoescuela"},"content":{"rendered":"<div class=\"css-1dbjc4n\">\n<div id=\"id__ckw4he3etv8\" class=\"css-901oao r-18jsvk2 r-1qd0xha r-a023e6 r-16dba41 r-rjixqe r-bcqeeo r-bnwqim r-qvutc0\" dir=\"auto\" lang=\"es\"><span class=\"css-901oao css-16my406 r-poiln3 r-bcqeeo r-qvutc0\">\u00bfConoces el Proyecto <\/span><span class=\"r-18u37iz\"><a class=\"css-4rbku5 css-18t94o4 css-901oao css-16my406 r-1n1174f r-1loqt21 r-poiln3 r-bcqeeo r-qvutc0\" dir=\"ltr\" role=\"link\" href=\"https:\/\/twitter.com\/hashtag\/Meteoescuela?src=hashtag_click\">#Meteoescuela<\/a><\/span><span class=\"css-901oao css-16my406 r-poiln3 r-bcqeeo r-qvutc0\">? Su objetivo es acercar la meteorolog\u00eda y la climatolog\u00eda a los centros educativos creando una Red de Observaci\u00f3n Meteor\u00f3logica Escolar. Se ha iniciado con el concurso de fotograf\u00eda \u00bfQu\u00e9 es para ti la Meteorolog\u00eda?<\/span><\/div>\n<div dir=\"auto\" lang=\"es\"><a href=\"https:\/\/cutt.ly\/2miBt0F\" target=\"_blank\" rel=\"noopener noreferrer\"><img loading=\"lazy\" decoding=\"async\" class=\"aligncenter\" src=\"https:\/\/emtic.educarex.es\/templates\/yootheme\/cache\/Banner_Meteo_2_2-e0dbf90d.png\" alt=\"\" width=\"466\" height=\"141\" \/><\/a><\/div>\n<div dir=\"auto\" lang=\"es\">\n<p>El proyecto Meteoescuela cuenta ya con cincuenta centros que durante el curso 2021-2022 participar\u00e1n en las actividades del programa: visitas de la Aemet, videconferencias, subida de datos a la p\u00e1gina oficial de Aemet o construcci\u00f3n de aparatos de medida.<\/p>\n<p dir=\"ltr\">Por un lado los profesores y alumnos de distintos centros educativos han mostrado en numerosas ocasiones mucho inter\u00e9s en el tiempo y el clima de la regi\u00f3n, en conocer c\u00f3mo se miden las distintas variables meteorol\u00f3gicas, y en conocer cu\u00e1les pueden ser las aplicaciones m\u00e1s b\u00e1sicas de estas variables en la vida cotidiana.<\/p>\n<p dir=\"ltr\">+INFO: <a href=\"https:\/\/cutt.ly\/2miBt0F\" target=\"_blank\" rel=\"noopener noreferrer\">https:\/\/cutt.ly\/2miBt0F<\/a><\/p>\n<\/div>\n<\/div>\n<div class=\"css-1dbjc4n\">\n<div id=\"id__w8o5pmgs2yr\" class=\"css-1dbjc4n\" aria-labelledby=\"id__vrtmuumbrfb id__9u9cf7cic2w\">\n<div class=\"css-1dbjc4n\">\n<div class=\"css-1dbjc4n r-1ets6dv r-1867qdf r-1phboty r-rs99b7 r-1s2bzr4 r-1ny4l3l r-1udh08x r-o7ynqc r-6416eg\">\n<div class=\"css-1dbjc4n\"><\/div>\n<\/div>\n<\/div>\n<\/div>\n<\/div>\n","protected":false},"excerpt":{"rendered":"<p>\u00bfConoces el Proyecto #Meteoescuela? Su objetivo es acercar la meteorolog\u00eda y la climatolog\u00eda a los centros educativos creando una Red de Observaci\u00f3n Meteor\u00f3logica Escolar. Se ha iniciado con el concurso de fotograf\u00eda \u00bfQu\u00e9 es para ti la Meteorolog\u00eda? El proyecto Meteoescuela cuenta ya con cincuenta centros que durante el curso 2021-2022 participar\u00e1n en las actividades [&hellip;]<\/p>\n","protected":false},"author":1,"featured_media":0,"comment_status":"closed","ping_status":"closed","sticky":false,"template":"","format":"standard","meta":{"footnotes":""},"categories":[42,37,8],"tags":[],"class_list":["post-9105","post","type-post","status-publish","format-standard","hentry","category-buenas-practicas","category-colaboraciones","category-educacion_e_internet"],"_links":{"self":[{"href":"http:\/\/aula21.net\/aulablog21\/wp-json\/wp\/v2\/posts\/9105","targetHints":{"allow":["GET"]}}],"collection":[{"href":"http:\/\/aula21.net\/aulablog21\/wp-json\/wp\/v2\/posts"}],"about":[{"href":"http:\/\/aula21.net\/aulablog21\/wp-json\/wp\/v2\/types\/post"}],"author":[{"embeddable":true,"href":"http:\/\/aula21.net\/aulablog21\/wp-json\/wp\/v2\/users\/1"}],"replies":[{"embeddable":true,"href":"http:\/\/aula21.net\/aulablog21\/wp-json\/wp\/v2\/comments?post=9105"}],"version-history":[{"count":2,"href":"http:\/\/aula21.net\/aulablog21\/wp-json\/wp\/v2\/posts\/9105\/revisions"}],"predecessor-version":[{"id":9108,"href":"http:\/\/aula21.net\/aulablog21\/wp-json\/wp\/v2\/posts\/9105\/revisions\/9108"}],"wp:attachment":[{"href":"http:\/\/aula21.net\/aulablog21\/wp-json\/wp\/v2\/media?parent=9105"}],"wp:term":[{"taxonomy":"category","embeddable":true,"href":"http:\/\/aula21.net\/aulablog21\/wp-json\/wp\/v2\/categories?post=9105"},{"taxonomy":"post_tag","embeddable":true,"href":"http:\/\/aula21.net\/aulablog21\/wp-json\/wp\/v2\/tags?post=9105"}],"curies":[{"name":"wp","href":"https:\/\/api.w.org\/{rel}","templated":true}]}}