{"id":9146,"date":"2021-07-29T20:07:29","date_gmt":"2021-07-29T19:07:29","guid":{"rendered":"https:\/\/aula21.net\/aulablog21\/?p=9146"},"modified":"2021-07-29T20:07:50","modified_gmt":"2021-07-29T19:07:50","slug":"3-nuevos-itinerarios-didacticos-para-lengua-castellana-y-literatura","status":"publish","type":"post","link":"http:\/\/aula21.net\/aulablog21\/archives\/2021\/07\/29\/3-nuevos-itinerarios-didacticos-para-lengua-castellana-y-literatura\/","title":{"rendered":"3 nuevos Itinerarios Did\u00e1cticos para Lengua Castellana y Literatura"},"content":{"rendered":"<p><span class=\"css-901oao css-16my406 r-poiln3 r-bcqeeo r-qvutc0\">Ya est\u00e1n disponibles 3 nuevos <\/span><span class=\"r-18u37iz\"><a class=\"css-4rbku5 css-18t94o4 css-901oao css-16my406 r-1n1174f r-1loqt21 r-poiln3 r-bcqeeo r-qvutc0\" dir=\"ltr\" role=\"link\" href=\"https:\/\/twitter.com\/hashtag\/ItinerariosDid\u00e1cticos?src=hashtag_click\">#ItinerariosDid\u00e1cticos<\/a><\/span><span class=\"css-901oao css-16my406 r-poiln3 r-bcqeeo r-qvutc0\"> para Lengua Castellana y Literatura: <\/span><\/p>\n<p><img loading=\"lazy\" decoding=\"async\" class=\"aligncenter\" src=\"https:\/\/pbs.twimg.com\/media\/E7XVCJWWYAEfvl6?format=jpg&amp;name=small\" alt=\"\" width=\"447\" height=\"235\" \/><\/p>\n<ul>\n<li><span class=\"css-901oao css-16my406 r-poiln3 r-bcqeeo r-qvutc0\">El texto y sus propiedades (2\u00ba ESO) <\/span><\/li>\n<li><span class=\"css-901oao css-16my406 r-poiln3 r-bcqeeo r-qvutc0\">Subg\u00e9neros literarios: el g\u00e9nero dram\u00e1tico (2\u00ba ESO) <\/span><\/li>\n<li><span class=\"css-901oao css-16my406 r-poiln3 r-bcqeeo r-qvutc0\">G\u00e9neros discursivos: la exposici\u00f3n y la argumentaci\u00f3n (4\u00ba ESO)<\/span><\/li>\n<\/ul>\n<p style=\"text-align: center;\">h<a href=\"https:\/\/t.co\/RbBJqkdZg0?amp=1\" target=\"_blank\" rel=\"noopener noreferrer\">ttps:\/\/t.co\/RbBJqkdZg0?amp=1<\/a><\/p>\n","protected":false},"excerpt":{"rendered":"<p>Ya est\u00e1n disponibles 3 nuevos #ItinerariosDid\u00e1cticos para Lengua Castellana y Literatura: El texto y sus propiedades (2\u00ba ESO) Subg\u00e9neros literarios: el g\u00e9nero dram\u00e1tico (2\u00ba ESO) G\u00e9neros discursivos: la exposici\u00f3n y la argumentaci\u00f3n (4\u00ba ESO) https:\/\/t.co\/RbBJqkdZg0?amp=1<\/p>\n","protected":false},"author":1,"featured_media":0,"comment_status":"closed","ping_status":"closed","sticky":false,"template":"","format":"standard","meta":{"footnotes":""},"categories":[37,8],"tags":[],"class_list":["post-9146","post","type-post","status-publish","format-standard","hentry","category-colaboraciones","category-educacion_e_internet"],"_links":{"self":[{"href":"http:\/\/aula21.net\/aulablog21\/wp-json\/wp\/v2\/posts\/9146","targetHints":{"allow":["GET"]}}],"collection":[{"href":"http:\/\/aula21.net\/aulablog21\/wp-json\/wp\/v2\/posts"}],"about":[{"href":"http:\/\/aula21.net\/aulablog21\/wp-json\/wp\/v2\/types\/post"}],"author":[{"embeddable":true,"href":"http:\/\/aula21.net\/aulablog21\/wp-json\/wp\/v2\/users\/1"}],"replies":[{"embeddable":true,"href":"http:\/\/aula21.net\/aulablog21\/wp-json\/wp\/v2\/comments?post=9146"}],"version-history":[{"count":2,"href":"http:\/\/aula21.net\/aulablog21\/wp-json\/wp\/v2\/posts\/9146\/revisions"}],"predecessor-version":[{"id":9148,"href":"http:\/\/aula21.net\/aulablog21\/wp-json\/wp\/v2\/posts\/9146\/revisions\/9148"}],"wp:attachment":[{"href":"http:\/\/aula21.net\/aulablog21\/wp-json\/wp\/v2\/media?parent=9146"}],"wp:term":[{"taxonomy":"category","embeddable":true,"href":"http:\/\/aula21.net\/aulablog21\/wp-json\/wp\/v2\/categories?post=9146"},{"taxonomy":"post_tag","embeddable":true,"href":"http:\/\/aula21.net\/aulablog21\/wp-json\/wp\/v2\/tags?post=9146"}],"curies":[{"name":"wp","href":"https:\/\/api.w.org\/{rel}","templated":true}]}}