{"id":920,"date":"2006-06-20T23:58:56","date_gmt":"2006-06-20T22:58:56","guid":{"rendered":"http:\/\/www.aula21.net\/aulablog21\/archives\/2006\/06\/20\/un-alumno-de-secundaria-perseguido-por-su-blog\/"},"modified":"2006-06-21T00:11:31","modified_gmt":"2006-06-20T23:11:31","slug":"un-alumno-de-secundaria-perseguido-por-su-blog","status":"publish","type":"post","link":"http:\/\/aula21.net\/aulablog21\/archives\/2006\/06\/20\/un-alumno-de-secundaria-perseguido-por-su-blog\/","title":{"rendered":"Un alumno de secundaria, perseguido por su blog"},"content":{"rendered":"<p align=\"justify\">Visto en <a href=\"http:\/\/barrapunto.com\/article.pl?sid=06\/06\/20\/162219\">Barrapunto<\/a><\/p>\n<p align=\"justify\">Un alumno del <a href=\"http:\/\/www.educa.madrid.org\/web\/ies.josesaramago.arganda\/\">IES Jos\u00e9 Saramago<\/a> cre\u00f3 un <a href=\"http:\/\/www.mafius.com\/blog\/\">blog<\/a> en el que realiz\u00f3 diversas denuncias sobre el funcionamiento del centro. La &quot;gota que colm\u00f3 el vaso&quot; fue una entrada en la que <a href=\"http:\/\/www.mafius.com\/blog\/index.php?m=04&amp;y=06&amp;d=10\">criticaba de manera bastante argumentada el sistema de ense\u00f1anza usado por el profesor de filosof\u00eda<\/a>. Este profesor le ha denunciado por injurias, bas\u00e1ndose en un comentario an\u00f3nimo, haciendo lo mismo el director del centro y tres semanas despu\u00e9s de terminar las clases se le ha abierto un expediente disciplinario. El jueves se celebrar\u00e1 el que podr\u00eda ser el primer juicio a un bloguer por un comentario an\u00f3nimo en su blog, aunque lo que parece que va a tener m\u00e1s complicado es evitar el expediente disciplinario.<\/p>\n<p>Una utilidad m\u00e1s de los blogs en el \u00e1mbito educativo, ya se sabe si es que un blog es como una navaja suiza, &quot;sirve pa to&quot;<\/p>\n<p>El art\u00edculo en cuesti\u00f3n a dia de hoy tiene 33 sabrosos comentarios, el tema ha sido tambi\u00e9n <a href=\"http:\/\/blogs.20minutos.es\/retiario\/post\/2006\/06\/20\/no-al-libertinaje-expresion\">comentado por Pepe Cervera<\/a><\/p>\n<p><a href=\"http:\/\/www.mafius.com\/blog\/\">El blog en cuesti\u00f3n<\/a> tiene un mont\u00f3n de art\u00edculos comentando criticamente la vida del centro.<small>Tags: <a rel=\"tag\" href=\"http:\/\/technorati.com\/tag\/blog\">blog<\/a>, <a rel=\"tag\" href=\"http:\/\/technorati.com\/tag\/estudiante\">estudiante<\/a>, <a rel=\"tag\" href=\"http:\/\/technorati.com\/tag\/denuncia\">denuncia<\/a><\/small><\/p>\n<\/p>\n<p style=\"color:#008;text-align:right;\"><small><em>Powered by<\/em> <a href=\"http:\/\/www.qumana.com\/\">Qumana<\/a><\/small><\/p>\n","protected":false},"excerpt":{"rendered":"<p>Visto en Barrapunto Un alumno del IES Jos\u00e9 Saramago cre\u00f3 un blog en el que realiz\u00f3 diversas denuncias sobre el funcionamiento del centro. La &quot;gota que colm\u00f3 el vaso&quot; fue una entrada en la que criticaba de manera bastante argumentada el sistema de ense\u00f1anza usado por el profesor de filosof\u00eda. Este profesor le ha denunciado [&hellip;]<\/p>\n","protected":false},"author":1,"featured_media":0,"comment_status":"open","ping_status":"open","sticky":false,"template":"","format":"standard","meta":{"footnotes":""},"categories":[2],"tags":[],"class_list":["post-920","post","type-post","status-publish","format-standard","hentry","category-weblogs_en_el_aula"],"_links":{"self":[{"href":"http:\/\/aula21.net\/aulablog21\/wp-json\/wp\/v2\/posts\/920","targetHints":{"allow":["GET"]}}],"collection":[{"href":"http:\/\/aula21.net\/aulablog21\/wp-json\/wp\/v2\/posts"}],"about":[{"href":"http:\/\/aula21.net\/aulablog21\/wp-json\/wp\/v2\/types\/post"}],"author":[{"embeddable":true,"href":"http:\/\/aula21.net\/aulablog21\/wp-json\/wp\/v2\/users\/1"}],"replies":[{"embeddable":true,"href":"http:\/\/aula21.net\/aulablog21\/wp-json\/wp\/v2\/comments?post=920"}],"version-history":[{"count":0,"href":"http:\/\/aula21.net\/aulablog21\/wp-json\/wp\/v2\/posts\/920\/revisions"}],"wp:attachment":[{"href":"http:\/\/aula21.net\/aulablog21\/wp-json\/wp\/v2\/media?parent=920"}],"wp:term":[{"taxonomy":"category","embeddable":true,"href":"http:\/\/aula21.net\/aulablog21\/wp-json\/wp\/v2\/categories?post=920"},{"taxonomy":"post_tag","embeddable":true,"href":"http:\/\/aula21.net\/aulablog21\/wp-json\/wp\/v2\/tags?post=920"}],"curies":[{"name":"wp","href":"https:\/\/api.w.org\/{rel}","templated":true}]}}