{"id":924,"date":"2006-06-29T20:15:02","date_gmt":"2006-06-29T19:15:02","guid":{"rendered":"http:\/\/www.aula21.net\/aulablog21\/archives\/2006\/06\/29\/mas-materiales-sobre-edublogs\/"},"modified":"2006-06-29T20:28:52","modified_gmt":"2006-06-29T19:28:52","slug":"mas-materiales-sobre-edublogs","status":"publish","type":"post","link":"http:\/\/aula21.net\/aulablog21\/archives\/2006\/06\/29\/mas-materiales-sobre-edublogs\/","title":{"rendered":"M\u00e1s materiales sobre edublogs."},"content":{"rendered":"<ul>\n<li><a href=\"http:\/\/www.fzayas.com\/tic\/blogs_aula\/mis_blogs.html\">Mapa conceptual sobre el uso educativo de los blogs<\/a> de Felipe Zayas<\/li>\n<li><a href=\"http:\/\/www.educa.madrid.org\/binary\/639\/blogs.pdf\">Art\u00edculo en pdf de Andr\u00e9s Gallego Torres<\/a> premiado con motivo del dia de Internet 2006<\/li>\n<li>Art\u00edculo en pdf del profesor extreme\u00f1o M\u00e1ximo Prudencio Conejo titulado <a href=\"http:\/\/cprmerida.juntaextremadura.net\/documentos\/blogs.pdf\" target=\"_blank\">Blogs. Uso did\u00e1ctico<\/a>.\u00a0\u00a0\u00a0\u00a0<\/li>\n<\/ul>\n<p>\u00a0\u00a0\u00a0\u00a0\u00a0\u00a0\u00a0\u00a0\u00a0\u00a0\u00a0\u00a0\u00a0\u00a0\u00a0\u00a0\u00a0\u00a0\u00a0\u00a0 <small>Tags: <a rel=\"tag\" href=\"http:\/\/technorati.com\/tag\/edublogs\">edublogs<\/a>, <a rel=\"tag\" href=\"http:\/\/technorati.com\/tag\/articulos\">articulos<\/a>, <a rel=\"tag\" href=\"http:\/\/technorati.com\/tag\/mapa\">mapa<\/a>, <a rel=\"tag\" href=\"http:\/\/technorati.com\/tag\/conceptual\">conceptual<\/a><\/small><\/p>\n","protected":false},"excerpt":{"rendered":"<p>Mapa conceptual sobre el uso educativo de los blogs de Felipe Zayas Art\u00edculo en pdf de Andr\u00e9s Gallego Torres premiado con motivo del dia de Internet 2006 Art\u00edculo en pdf del profesor extreme\u00f1o M\u00e1ximo Prudencio Conejo titulado Blogs. Uso did\u00e1ctico.\u00a0\u00a0\u00a0\u00a0 \u00a0\u00a0\u00a0\u00a0\u00a0\u00a0\u00a0\u00a0\u00a0\u00a0\u00a0\u00a0\u00a0\u00a0\u00a0\u00a0\u00a0\u00a0\u00a0\u00a0 Tags: edublogs, articulos, mapa, conceptual<\/p>\n","protected":false},"author":1,"featured_media":0,"comment_status":"open","ping_status":"open","sticky":false,"template":"","format":"standard","meta":{"footnotes":""},"categories":[2],"tags":[],"class_list":["post-924","post","type-post","status-publish","format-standard","hentry","category-weblogs_en_el_aula"],"_links":{"self":[{"href":"http:\/\/aula21.net\/aulablog21\/wp-json\/wp\/v2\/posts\/924","targetHints":{"allow":["GET"]}}],"collection":[{"href":"http:\/\/aula21.net\/aulablog21\/wp-json\/wp\/v2\/posts"}],"about":[{"href":"http:\/\/aula21.net\/aulablog21\/wp-json\/wp\/v2\/types\/post"}],"author":[{"embeddable":true,"href":"http:\/\/aula21.net\/aulablog21\/wp-json\/wp\/v2\/users\/1"}],"replies":[{"embeddable":true,"href":"http:\/\/aula21.net\/aulablog21\/wp-json\/wp\/v2\/comments?post=924"}],"version-history":[{"count":0,"href":"http:\/\/aula21.net\/aulablog21\/wp-json\/wp\/v2\/posts\/924\/revisions"}],"wp:attachment":[{"href":"http:\/\/aula21.net\/aulablog21\/wp-json\/wp\/v2\/media?parent=924"}],"wp:term":[{"taxonomy":"category","embeddable":true,"href":"http:\/\/aula21.net\/aulablog21\/wp-json\/wp\/v2\/categories?post=924"},{"taxonomy":"post_tag","embeddable":true,"href":"http:\/\/aula21.net\/aulablog21\/wp-json\/wp\/v2\/tags?post=924"}],"curies":[{"name":"wp","href":"https:\/\/api.w.org\/{rel}","templated":true}]}}