{"id":9318,"date":"2025-02-05T10:04:35","date_gmt":"2025-02-05T09:04:35","guid":{"rendered":"https:\/\/aula21.net\/aulablog21\/?p=9318"},"modified":"2025-02-05T10:04:35","modified_gmt":"2025-02-05T09:04:35","slug":"participa-en-la-vii-jornada-regional-del-programa-foro-nativos-digitales-2025","status":"publish","type":"post","link":"http:\/\/aula21.net\/aulablog21\/archives\/2025\/02\/05\/participa-en-la-vii-jornada-regional-del-programa-foro-nativos-digitales-2025\/","title":{"rendered":"Participa en la VII JORNADA REGIONAL DEL PROGRAMA FORO NATIVOS DIGITALES 2025"},"content":{"rendered":"<div class=\"css-175oi2r\">\n<div id=\"id__r11nhrboac\" class=\"css-146c3p1 r-8akbws r-krxsd3 r-dnmrzs r-1udh08x r-1udbk01 r-bcqeeo r-1ttztb7 r-qvutc0 r-37j5jr r-a023e6 r-rjixqe r-16dba41 r-bnwqim\" dir=\"auto\" lang=\"es\" data-testid=\"tweetText\"><span class=\"css-1jxf684 r-bcqeeo r-1ttztb7 r-qvutc0 r-poiln3\">Participa en la VII JORNADA REGIONAL DEL PROGRAMA FORO NATIVOS DIGITALES 2025, el 26 de febrero en el CPR de M\u00e9rida. Inscripci\u00f3n: <\/span><a class=\"css-1jxf684 r-bcqeeo r-1ttztb7 r-qvutc0 r-poiln3 r-1loqt21\" dir=\"ltr\" role=\"link\" href=\"https:\/\/t.co\/n2shFy7ZOl\" target=\"_blank\" rel=\"noopener noreferrer nofollow\"><span class=\"css-1jxf684 r-bcqeeo r-1ttztb7 r-qvutc0 r-poiln3 r-qlhcfr r-qvk6io\" aria-hidden=\"true\">https:\/\/<\/span>acortar.link\/0lbGtHPlazo<\/a><span class=\"css-1jxf684 r-bcqeeo r-1ttztb7 r-qvutc0 r-poiln3\"> de inscripci\u00f3n del 27 de enero a 5 de febrero; y la lista provisional de admitidos se har\u00e1 p\u00fablica el 11 de febrero.<\/span><\/div>\n<div dir=\"auto\" lang=\"es\" data-testid=\"tweetText\"><img loading=\"lazy\" decoding=\"async\" class=\"\" src=\"https:\/\/pbs.twimg.com\/media\/GiT32-xXQAAnNvf?format=png&amp;name=small\" alt=\"\" width=\"469\" height=\"663\" \/><\/div>\n<\/div>\n","protected":false},"excerpt":{"rendered":"<p>Participa en la VII JORNADA REGIONAL DEL PROGRAMA FORO NATIVOS DIGITALES 2025, el 26 de febrero en el CPR de M\u00e9rida. Inscripci\u00f3n: https:\/\/acortar.link\/0lbGtHPlazo de inscripci\u00f3n del 27 de enero a 5 de febrero; y la lista provisional de admitidos se har\u00e1 p\u00fablica el 11 de febrero.<\/p>\n","protected":false},"author":1,"featured_media":0,"comment_status":"closed","ping_status":"closed","sticky":false,"template":"","format":"standard","meta":{"footnotes":""},"categories":[37,8,43],"tags":[],"class_list":["post-9318","post","type-post","status-publish","format-standard","hentry","category-colaboraciones","category-educacion_e_internet","category-lo-que-no-se-comparte"],"_links":{"self":[{"href":"http:\/\/aula21.net\/aulablog21\/wp-json\/wp\/v2\/posts\/9318","targetHints":{"allow":["GET"]}}],"collection":[{"href":"http:\/\/aula21.net\/aulablog21\/wp-json\/wp\/v2\/posts"}],"about":[{"href":"http:\/\/aula21.net\/aulablog21\/wp-json\/wp\/v2\/types\/post"}],"author":[{"embeddable":true,"href":"http:\/\/aula21.net\/aulablog21\/wp-json\/wp\/v2\/users\/1"}],"replies":[{"embeddable":true,"href":"http:\/\/aula21.net\/aulablog21\/wp-json\/wp\/v2\/comments?post=9318"}],"version-history":[{"count":1,"href":"http:\/\/aula21.net\/aulablog21\/wp-json\/wp\/v2\/posts\/9318\/revisions"}],"predecessor-version":[{"id":9319,"href":"http:\/\/aula21.net\/aulablog21\/wp-json\/wp\/v2\/posts\/9318\/revisions\/9319"}],"wp:attachment":[{"href":"http:\/\/aula21.net\/aulablog21\/wp-json\/wp\/v2\/media?parent=9318"}],"wp:term":[{"taxonomy":"category","embeddable":true,"href":"http:\/\/aula21.net\/aulablog21\/wp-json\/wp\/v2\/categories?post=9318"},{"taxonomy":"post_tag","embeddable":true,"href":"http:\/\/aula21.net\/aulablog21\/wp-json\/wp\/v2\/tags?post=9318"}],"curies":[{"name":"wp","href":"https:\/\/api.w.org\/{rel}","templated":true}]}}