{"id":932,"date":"2006-07-08T15:47:11","date_gmt":"2006-07-08T14:47:11","guid":{"rendered":"http:\/\/www.aula21.net\/aulablog21\/archives\/2006\/07\/08\/y-el-encuentro-de-roa-termino\/"},"modified":"2006-07-08T16:17:57","modified_gmt":"2006-07-08T15:17:57","slug":"y-el-encuentro-de-roa-termino","status":"publish","type":"post","link":"http:\/\/aula21.net\/aulablog21\/archives\/2006\/07\/08\/y-el-encuentro-de-roa-termino\/","title":{"rendered":"Y el encuentro de Roa termin\u00f3"},"content":{"rendered":"<p>Los dias 6 y 7 de Julio ha tenido lugar  en Roa de Duero el <a href=\"http:\/\/www.tinglado.net\/encuentro\/\">1er Encuentro de Edublogs<\/a> al que no pude asistir pero que he seguido muy de cerca a trav\u00e1s de la lista de correo de aulablog y de los blogs de los asistentes.<br \/>\nEl comit\u00e9 de organizaci\u00f3n ha realizado un trabajo impecable y desde aqu\u00ed los felicito de coraz\u00f3n.<br \/>\nTodos los talleres, comunicaciones, materiales etc generados antes y durante el encuentro se pueden ver <a href=\"http:\/\/aulablog.wikispaces.com\/ \">en el wiki del mismo <\/a> y <a href=\"http:\/\/tinglado.net\/encuentro\/\">en la web del encuentro<\/a>.<br \/>\nUna de las finalidades del encuentro fu\u00e9 redactar la Declaraci\u00f3n de Roa por la integraci\u00f3n de las TIC en la educaci\u00f3n a la que te puedes adherir <a href=\"http:\/\/aulablog.wikispaces.com\/Declaracion+de+Roa\">en esta p\u00e1gina dejando tu nombre <\/a>, si no sabes como hacerlo lee la <a href=\"http:\/\/www.wikispaces.com\/help-spanish#tochelp-spanish17\">ayuda en espa\u00f1ol de wikispaces<\/a>. La delaraci\u00f3n ha sido un \u00e9xito gracias <a href=\"http:\/\/www.tinglado.net\/encuentro\/index.php?option=com_content&#038;task=view&#038;id=27\"> al trabajo previo de Charo y lourdes<\/a>. Una vez m\u00e1s <a href=\"http:\/\/www.tinglado.net\/?id=el-test-de-roa\">el genial Valero ha preparado un divertido test <\/a>para los asistentes al encuentro que tambi\u00e9n pueden realizar los que piensen aistir al 2\u00ba Encuentro el pr\u00f3ximo a\u00f1o que pudiera ser que se celebrara por mi tierra&#8230;<br \/>\n<a href=\"http:\/\/www.flickr.com\/photos\/72258230@N00\/\">Me voy a ver algunas fotos del encuentro<\/a><\/p>\n","protected":false},"excerpt":{"rendered":"<p>Los dias 6 y 7 de Julio ha tenido lugar en Roa de Duero el 1er Encuentro de Edublogs al que no pude asistir pero que he seguido muy de cerca a trav\u00e1s de la lista de correo de aulablog y de los blogs de los asistentes. El comit\u00e9 de organizaci\u00f3n ha realizado un trabajo [&hellip;]<\/p>\n","protected":false},"author":1,"featured_media":0,"comment_status":"open","ping_status":"open","sticky":false,"template":"","format":"standard","meta":{"footnotes":""},"categories":[1,2],"tags":[],"class_list":["post-932","post","type-post","status-publish","format-standard","hentry","category-miscelanea","category-weblogs_en_el_aula"],"_links":{"self":[{"href":"http:\/\/aula21.net\/aulablog21\/wp-json\/wp\/v2\/posts\/932","targetHints":{"allow":["GET"]}}],"collection":[{"href":"http:\/\/aula21.net\/aulablog21\/wp-json\/wp\/v2\/posts"}],"about":[{"href":"http:\/\/aula21.net\/aulablog21\/wp-json\/wp\/v2\/types\/post"}],"author":[{"embeddable":true,"href":"http:\/\/aula21.net\/aulablog21\/wp-json\/wp\/v2\/users\/1"}],"replies":[{"embeddable":true,"href":"http:\/\/aula21.net\/aulablog21\/wp-json\/wp\/v2\/comments?post=932"}],"version-history":[{"count":0,"href":"http:\/\/aula21.net\/aulablog21\/wp-json\/wp\/v2\/posts\/932\/revisions"}],"wp:attachment":[{"href":"http:\/\/aula21.net\/aulablog21\/wp-json\/wp\/v2\/media?parent=932"}],"wp:term":[{"taxonomy":"category","embeddable":true,"href":"http:\/\/aula21.net\/aulablog21\/wp-json\/wp\/v2\/categories?post=932"},{"taxonomy":"post_tag","embeddable":true,"href":"http:\/\/aula21.net\/aulablog21\/wp-json\/wp\/v2\/tags?post=932"}],"curies":[{"name":"wp","href":"https:\/\/api.w.org\/{rel}","templated":true}]}}