{"id":9320,"date":"2025-06-28T12:33:21","date_gmt":"2025-06-28T11:33:21","guid":{"rendered":"https:\/\/aula21.net\/aulablog21\/?p=9320"},"modified":"2025-06-28T12:33:21","modified_gmt":"2025-06-28T11:33:21","slug":"como-estan-revolucionando-otros-docentes-sus-clases","status":"publish","type":"post","link":"http:\/\/aula21.net\/aulablog21\/archives\/2025\/06\/28\/como-estan-revolucionando-otros-docentes-sus-clases\/","title":{"rendered":"\u00bfC\u00f3mo est\u00e1n revolucionando otros docentes sus clases?"},"content":{"rendered":"<div class=\"css-175oi2r\">\n<div class=\"css-175oi2r r-1s2bzr4\">\n<div id=\"id__q4k0u2begwh\" class=\"css-146c3p1 r-bcqeeo r-1ttztb7 r-qvutc0 r-37j5jr r-1inkyih r-16dba41 r-bnwqim r-135wba7\" dir=\"auto\" lang=\"es\" data-testid=\"tweetText\"><span class=\"css-1jxf684 r-bcqeeo r-1ttztb7 r-qvutc0 r-poiln3\">\u00bfC\u00f3mo est\u00e1n revolucionando otros docentes sus clases?\u00a0<\/span><span class=\"css-1jxf684 r-bcqeeo r-1ttztb7 r-qvutc0 r-poiln3\"> Descubre las experiencias que Aitor Bailador, Vanesa Merch\u00e1n, Gloria Vicente, Diego V\u00e1zquez, Octavio S\u00e1nchez y Sonia Barr\u00e1s han llevado a sus aulas utilizando los REA del Programa CREA. Insp\u00edrate.\u00a0<\/span> <a class=\"css-1jxf684 r-bcqeeo r-1ttztb7 r-qvutc0 r-poiln3 r-1loqt21\" dir=\"ltr\" role=\"link\" href=\"https:\/\/t.co\/9Mt3kONACT\" target=\"_blank\" rel=\"noopener noreferrer nofollow\"><span class=\"css-1jxf684 r-bcqeeo r-1ttztb7 r-qvutc0 r-poiln3 r-qlhcfr r-qvk6io\" aria-hidden=\"true\">https:\/\/<\/span>cutt.ly\/HrWJfKzA<\/a><\/div>\n<\/div>\n<div dir=\"auto\" lang=\"es\" data-testid=\"tweetText\"><img loading=\"lazy\" decoding=\"async\" class=\"aligncenter\" src=\"https:\/\/pbs.twimg.com\/media\/Gt4Af1YWQAAfiXt?format=jpg&amp;name=small\" alt=\"\" width=\"445\" height=\"445\" \/><\/div>\n<\/div>\n","protected":false},"excerpt":{"rendered":"<p>\u00bfC\u00f3mo est\u00e1n revolucionando otros docentes sus clases?\u00a0 Descubre las experiencias que Aitor Bailador, Vanesa Merch\u00e1n, Gloria Vicente, Diego V\u00e1zquez, Octavio S\u00e1nchez y Sonia Barr\u00e1s han llevado a sus aulas utilizando los REA del Programa CREA. Insp\u00edrate.\u00a0 https:\/\/cutt.ly\/HrWJfKzA<\/p>\n","protected":false},"author":1,"featured_media":0,"comment_status":"closed","ping_status":"closed","sticky":false,"template":"","format":"standard","meta":{"footnotes":""},"categories":[42,37,8,43],"tags":[],"class_list":["post-9320","post","type-post","status-publish","format-standard","hentry","category-buenas-practicas","category-colaboraciones","category-educacion_e_internet","category-lo-que-no-se-comparte"],"_links":{"self":[{"href":"http:\/\/aula21.net\/aulablog21\/wp-json\/wp\/v2\/posts\/9320","targetHints":{"allow":["GET"]}}],"collection":[{"href":"http:\/\/aula21.net\/aulablog21\/wp-json\/wp\/v2\/posts"}],"about":[{"href":"http:\/\/aula21.net\/aulablog21\/wp-json\/wp\/v2\/types\/post"}],"author":[{"embeddable":true,"href":"http:\/\/aula21.net\/aulablog21\/wp-json\/wp\/v2\/users\/1"}],"replies":[{"embeddable":true,"href":"http:\/\/aula21.net\/aulablog21\/wp-json\/wp\/v2\/comments?post=9320"}],"version-history":[{"count":1,"href":"http:\/\/aula21.net\/aulablog21\/wp-json\/wp\/v2\/posts\/9320\/revisions"}],"predecessor-version":[{"id":9321,"href":"http:\/\/aula21.net\/aulablog21\/wp-json\/wp\/v2\/posts\/9320\/revisions\/9321"}],"wp:attachment":[{"href":"http:\/\/aula21.net\/aulablog21\/wp-json\/wp\/v2\/media?parent=9320"}],"wp:term":[{"taxonomy":"category","embeddable":true,"href":"http:\/\/aula21.net\/aulablog21\/wp-json\/wp\/v2\/categories?post=9320"},{"taxonomy":"post_tag","embeddable":true,"href":"http:\/\/aula21.net\/aulablog21\/wp-json\/wp\/v2\/tags?post=9320"}],"curies":[{"name":"wp","href":"https:\/\/api.w.org\/{rel}","templated":true}]}}