{"id":9322,"date":"2025-06-28T12:36:40","date_gmt":"2025-06-28T11:36:40","guid":{"rendered":"https:\/\/aula21.net\/aulablog21\/?p=9322"},"modified":"2025-06-28T12:37:34","modified_gmt":"2025-06-28T11:37:34","slug":"9322","status":"publish","type":"post","link":"http:\/\/aula21.net\/aulablog21\/archives\/2025\/06\/28\/9322\/","title":{"rendered":"La Junta lanza el concurso &#8216;Extremestiza Podcast&#8217;"},"content":{"rendered":"<p><span class=\"css-1jxf684 r-bcqeeo r-1ttztb7 r-qvutc0 r-poiln3\">La Junta lanza el concurso &#8216;Extremestiza Podcast&#8217; para tender un puente sonoro con Hispanoam\u00e9rica a trav\u00e9s de la gastronom\u00eda.\u00a0<\/span><\/p>\n<p><span class=\"css-1jxf684 r-bcqeeo r-1ttztb7 r-qvutc0 r-poiln3\">\u00abGastronom\u00eda y aportaciones entre Espa\u00f1a y Per\u00fa: una historia de sabores compartidos\u00bb.\u00a0<\/span><span class=\"css-1jxf684 r-bcqeeo r-1ttztb7 r-qvutc0 r-poiln3\"> Plazos: 15\/09-30\/11 <\/span><span class=\"css-1jxf684 r-bcqeeo r-1ttztb7 r-qvutc0 r-poiln3\"><br \/>\n<\/span><\/p>\n<p><a class=\"css-1jxf684 r-bcqeeo r-1ttztb7 r-qvutc0 r-poiln3 r-1loqt21\" dir=\"ltr\" role=\"link\" href=\"https:\/\/t.co\/vwujNxf0p1\" target=\"_blank\" rel=\"noopener noreferrer nofollow\"><span class=\"css-1jxf684 r-bcqeeo r-1ttztb7 r-qvutc0 r-poiln3 r-qlhcfr r-qvk6io\" aria-hidden=\"true\">https:\/\/<\/span>juntaex.es\/w\/extremestiza<\/a><\/p>\n<p><img loading=\"lazy\" decoding=\"async\" class=\"\" src=\"https:\/\/pbs.twimg.com\/media\/GtKXsVOWYAAKMA5?format=jpg&amp;name=small\" alt=\"\" width=\"442\" height=\"295\" \/><\/p>\n","protected":false},"excerpt":{"rendered":"<p>La Junta lanza el concurso &#8216;Extremestiza Podcast&#8217; para tender un puente sonoro con Hispanoam\u00e9rica a trav\u00e9s de la gastronom\u00eda.\u00a0 \u00abGastronom\u00eda y aportaciones entre Espa\u00f1a y Per\u00fa: una historia de sabores compartidos\u00bb.\u00a0 Plazos: 15\/09-30\/11 https:\/\/juntaex.es\/w\/extremestiza<\/p>\n","protected":false},"author":1,"featured_media":0,"comment_status":"closed","ping_status":"closed","sticky":false,"template":"","format":"standard","meta":{"footnotes":""},"categories":[42,37,8,43],"tags":[],"class_list":["post-9322","post","type-post","status-publish","format-standard","hentry","category-buenas-practicas","category-colaboraciones","category-educacion_e_internet","category-lo-que-no-se-comparte"],"_links":{"self":[{"href":"http:\/\/aula21.net\/aulablog21\/wp-json\/wp\/v2\/posts\/9322","targetHints":{"allow":["GET"]}}],"collection":[{"href":"http:\/\/aula21.net\/aulablog21\/wp-json\/wp\/v2\/posts"}],"about":[{"href":"http:\/\/aula21.net\/aulablog21\/wp-json\/wp\/v2\/types\/post"}],"author":[{"embeddable":true,"href":"http:\/\/aula21.net\/aulablog21\/wp-json\/wp\/v2\/users\/1"}],"replies":[{"embeddable":true,"href":"http:\/\/aula21.net\/aulablog21\/wp-json\/wp\/v2\/comments?post=9322"}],"version-history":[{"count":2,"href":"http:\/\/aula21.net\/aulablog21\/wp-json\/wp\/v2\/posts\/9322\/revisions"}],"predecessor-version":[{"id":9324,"href":"http:\/\/aula21.net\/aulablog21\/wp-json\/wp\/v2\/posts\/9322\/revisions\/9324"}],"wp:attachment":[{"href":"http:\/\/aula21.net\/aulablog21\/wp-json\/wp\/v2\/media?parent=9322"}],"wp:term":[{"taxonomy":"category","embeddable":true,"href":"http:\/\/aula21.net\/aulablog21\/wp-json\/wp\/v2\/categories?post=9322"},{"taxonomy":"post_tag","embeddable":true,"href":"http:\/\/aula21.net\/aulablog21\/wp-json\/wp\/v2\/tags?post=9322"}],"curies":[{"name":"wp","href":"https:\/\/api.w.org\/{rel}","templated":true}]}}