{"id":9368,"date":"2025-10-29T20:10:53","date_gmt":"2025-10-29T19:10:53","guid":{"rendered":"https:\/\/aula21.net\/aulablog21\/?p=9368"},"modified":"2025-10-29T20:11:34","modified_gmt":"2025-10-29T19:11:34","slug":"presupuestando-en-fp-recurso-rea","status":"publish","type":"post","link":"http:\/\/aula21.net\/aulablog21\/archives\/2025\/10\/29\/presupuestando-en-fp-recurso-rea\/","title":{"rendered":"\u00abPresupuestando en FP\u00bb Recurso #REA"},"content":{"rendered":"<div class=\"css-175oi2r\">\n<div id=\"id__ckc0ynzba6g\" class=\"css-146c3p1 r-bcqeeo r-1ttztb7 r-qvutc0 r-37j5jr r-a023e6 r-rjixqe r-16dba41 r-bnwqim\" dir=\"auto\" lang=\"es\" data-testid=\"tweetText\"><span class=\"css-1jxf684 r-bcqeeo r-1ttztb7 r-qvutc0 r-poiln3\">\u00a0REA \u00abPresupuestando en FP\u00bb Recurso <\/span><span class=\"r-18u37iz\"><a class=\"css-1jxf684 r-bcqeeo r-1ttztb7 r-qvutc0 r-poiln3 r-1loqt21\" dir=\"ltr\" role=\"link\" href=\"https:\/\/x.com\/hashtag\/REA?src=hashtag_click\">#REA<\/a><\/span><span class=\"css-1jxf684 r-bcqeeo r-1ttztb7 r-qvutc0 r-poiln3\"> creado por Jos\u00e9 Miguel Prieto Ballester, para el alumnado alumnado de Formaci\u00f3n Profesional. <\/span><span class=\"css-1jxf684 r-bcqeeo r-1ttztb7 r-qvutc0 r-poiln3\">Introducci\u00f3n de la elaboraci\u00f3n y gesti\u00f3n de presupuestos dentro del \u00e1mbito de los proyectos. <\/span><a class=\"css-1jxf684 r-bcqeeo r-1ttztb7 r-qvutc0 r-poiln3 r-1wvb978 r-1loqt21\" dir=\"ltr\" role=\"link\" href=\"https:\/\/t.co\/Lv6QpOIJ6v\" target=\"_blank\" rel=\"noopener noreferrer nofollow\"><span class=\"css-1jxf684 r-bcqeeo r-1ttztb7 r-qvutc0 r-poiln3 r-qlhcfr r-19qo34d r-qvk6io r-orgf3d r-u8s1d\" aria-hidden=\"true\">https:\/\/<\/span>emtic.educarex.es<\/a> <span class=\"r-18u37iz\"><a class=\"css-1jxf684 r-bcqeeo r-1ttztb7 r-qvutc0 r-poiln3 r-1loqt21\" dir=\"ltr\" role=\"link\" href=\"https:\/\/x.com\/hashtag\/DocentesCREAtivos?src=hashtag_click\">#DocentesCREAtivos<\/a><\/span><\/div>\n<\/div>\n<div dir=\"auto\" lang=\"es\" data-testid=\"tweetText\"><img loading=\"lazy\" decoding=\"async\" class=\"aligncenter\" src=\"https:\/\/pbs.twimg.com\/media\/G4cRc49WMAAugSJ?format=jpg&amp;name=small\" alt=\"\" width=\"420\" height=\"126\" \/><\/div>\n","protected":false},"excerpt":{"rendered":"<p>\u00a0REA \u00abPresupuestando en FP\u00bb Recurso #REA creado por Jos\u00e9 Miguel Prieto Ballester, para el alumnado alumnado de Formaci\u00f3n Profesional. Introducci\u00f3n de la elaboraci\u00f3n y gesti\u00f3n de presupuestos dentro del \u00e1mbito de los proyectos. https:\/\/emtic.educarex.es #DocentesCREAtivos<\/p>\n","protected":false},"author":1,"featured_media":0,"comment_status":"closed","ping_status":"closed","sticky":false,"template":"","format":"standard","meta":{"footnotes":""},"categories":[42,37,8,43],"tags":[],"class_list":["post-9368","post","type-post","status-publish","format-standard","hentry","category-buenas-practicas","category-colaboraciones","category-educacion_e_internet","category-lo-que-no-se-comparte"],"_links":{"self":[{"href":"http:\/\/aula21.net\/aulablog21\/wp-json\/wp\/v2\/posts\/9368","targetHints":{"allow":["GET"]}}],"collection":[{"href":"http:\/\/aula21.net\/aulablog21\/wp-json\/wp\/v2\/posts"}],"about":[{"href":"http:\/\/aula21.net\/aulablog21\/wp-json\/wp\/v2\/types\/post"}],"author":[{"embeddable":true,"href":"http:\/\/aula21.net\/aulablog21\/wp-json\/wp\/v2\/users\/1"}],"replies":[{"embeddable":true,"href":"http:\/\/aula21.net\/aulablog21\/wp-json\/wp\/v2\/comments?post=9368"}],"version-history":[{"count":2,"href":"http:\/\/aula21.net\/aulablog21\/wp-json\/wp\/v2\/posts\/9368\/revisions"}],"predecessor-version":[{"id":9370,"href":"http:\/\/aula21.net\/aulablog21\/wp-json\/wp\/v2\/posts\/9368\/revisions\/9370"}],"wp:attachment":[{"href":"http:\/\/aula21.net\/aulablog21\/wp-json\/wp\/v2\/media?parent=9368"}],"wp:term":[{"taxonomy":"category","embeddable":true,"href":"http:\/\/aula21.net\/aulablog21\/wp-json\/wp\/v2\/categories?post=9368"},{"taxonomy":"post_tag","embeddable":true,"href":"http:\/\/aula21.net\/aulablog21\/wp-json\/wp\/v2\/tags?post=9368"}],"curies":[{"name":"wp","href":"https:\/\/api.w.org\/{rel}","templated":true}]}}