{"id":948,"date":"2006-07-16T16:03:35","date_gmt":"2006-07-16T15:03:35","guid":{"rendered":"http:\/\/www.aula21.net\/aulablog21\/archives\/2006\/07\/16\/otro-punto-de-vista\/"},"modified":"2006-07-16T16:18:49","modified_gmt":"2006-07-16T15:18:49","slug":"otro-punto-de-vista","status":"publish","type":"post","link":"http:\/\/aula21.net\/aulablog21\/archives\/2006\/07\/16\/otro-punto-de-vista\/","title":{"rendered":"Otro punto de vista"},"content":{"rendered":"<p>A traves del panel de entrada de mi blog descubro una referencia desde un blog nuevo que me ha resultado interesante, se trata de <a href=\"http:\/\/otropuntodevista.es\/index.html\" target=\"_blank\">Otro punto de vista en educaci\u00f3n<\/a>.<\/p>\n<p>Si recortamos la url y tecleamos <a href=\"http:\/\/otropuntodevista.es\/\">http:\/\/otropuntodevista.es\/<\/a>\u00a0llegamos a una web en la que supongo el mismo autor del nuevo blog escribe interesantes y acertados\u00a0art\u00edculos relacionados pricipalmente\u00a0con la educaci\u00f3n y otros temas de actualidad, \u00bfpor ejemplo <a href=\"http:\/\/otropuntodevista.es\/arti10.html\" target=\"_blank\">que os parece este<\/a>?. Le doy la bienvenida a la blogosfera educativa a su autor y le invito a que nos amplie informaci\u00f3n sobre su persona a trav\u00e9s de los comentarios.<\/p>\n<p>Por lo leido deduzco que se trata de un profesor Onubense que trabaja en un IES Andaluz que es m\u00e1s bien <a href=\"http:\/\/www.otropuntodevista.es\/arti40.html\" target=\"_blank\">cr\u00edtico con la pol\u00edtica de\u00a0poner un ordenador por cada dos alumnos<\/a> lo cual me parece perfectamente l\u00edcito y adem\u00e1s tiene sus argumentos.<\/p>\n<p>A trav\u00e9s de es este art\u00edculo conozco otros dos de <strong>Ferm\u00edn Rodr\u00edguez Castro<\/strong> sobre cr\u00edtica a las TIC : <span class=\"citas\">Las Reformas Educativas y el mito de la Nuevas Tecnolog\u00edas <a class=\"vincu\" href=\"http:\/\/www.aula21.net\/aulablog21\/wp-admin\/Ref_Educ_y_TIC(I).pdf\">(I)<\/a> y <a class=\"vincu\" href=\"http:\/\/www.aula21.net\/aulablog21\/wp-admin\/Ref_Educ_y_TIC(II).pdf\">(II)<\/a><\/span><\/p>\n<p>\u00a0<\/p>\n","protected":false},"excerpt":{"rendered":"<p>A traves del panel de entrada de mi blog descubro una referencia desde un blog nuevo que me ha resultado interesante, se trata de Otro punto de vista en educaci\u00f3n. Si recortamos la url y tecleamos http:\/\/otropuntodevista.es\/\u00a0llegamos a una web en la que supongo el mismo autor del nuevo blog escribe interesantes y acertados\u00a0art\u00edculos relacionados [&hellip;]<\/p>\n","protected":false},"author":1,"featured_media":0,"comment_status":"open","ping_status":"open","sticky":false,"template":"","format":"standard","meta":{"footnotes":""},"categories":[8,2],"tags":[],"class_list":["post-948","post","type-post","status-publish","format-standard","hentry","category-educacion_e_internet","category-weblogs_en_el_aula"],"_links":{"self":[{"href":"http:\/\/aula21.net\/aulablog21\/wp-json\/wp\/v2\/posts\/948","targetHints":{"allow":["GET"]}}],"collection":[{"href":"http:\/\/aula21.net\/aulablog21\/wp-json\/wp\/v2\/posts"}],"about":[{"href":"http:\/\/aula21.net\/aulablog21\/wp-json\/wp\/v2\/types\/post"}],"author":[{"embeddable":true,"href":"http:\/\/aula21.net\/aulablog21\/wp-json\/wp\/v2\/users\/1"}],"replies":[{"embeddable":true,"href":"http:\/\/aula21.net\/aulablog21\/wp-json\/wp\/v2\/comments?post=948"}],"version-history":[{"count":0,"href":"http:\/\/aula21.net\/aulablog21\/wp-json\/wp\/v2\/posts\/948\/revisions"}],"wp:attachment":[{"href":"http:\/\/aula21.net\/aulablog21\/wp-json\/wp\/v2\/media?parent=948"}],"wp:term":[{"taxonomy":"category","embeddable":true,"href":"http:\/\/aula21.net\/aulablog21\/wp-json\/wp\/v2\/categories?post=948"},{"taxonomy":"post_tag","embeddable":true,"href":"http:\/\/aula21.net\/aulablog21\/wp-json\/wp\/v2\/tags?post=948"}],"curies":[{"name":"wp","href":"https:\/\/api.w.org\/{rel}","templated":true}]}}