{"id":957,"date":"2006-08-02T12:33:17","date_gmt":"2006-08-02T11:33:17","guid":{"rendered":"http:\/\/www.aula21.net\/aulablog21\/archives\/2006\/08\/02\/educaterra-ayudara-a-los-docentes-en-materias-tic\/"},"modified":"2006-08-02T12:33:17","modified_gmt":"2006-08-02T11:33:17","slug":"educaterra-ayudara-a-los-docentes-en-materias-tic","status":"publish","type":"post","link":"http:\/\/aula21.net\/aulablog21\/archives\/2006\/08\/02\/educaterra-ayudara-a-los-docentes-en-materias-tic\/","title":{"rendered":"Educaterra ayudar\u00e1 a los docentes en materias TIC"},"content":{"rendered":"<p>V\u00eda <a href=\"http:\/\/firgoa.usc.es\/drupal\/\">Firgoa<\/a><\/p>\n<p>La empresa de e-learning de Telef\u00f3nica ha resultado adjudicataria de los servicios de gesti\u00f3n y seguimiento del concurso Servicios para la Puesta a Disposici\u00f3n de Materiales de Capacitaci\u00f3n de la Comunidad Educativa en el Uso de las Tecnolog\u00edas de la Informaci\u00f3n y la Comunicaci\u00f3n.<\/p>\n<p>Educaterra se ha adjudicado el concurso, convocado por Red.es (dependiente del Ministerio de Industria, Turismo y Comercio), con su proyecto Professor, un plan de acci\u00f3n de tres a\u00f1os cuyo objetivo final es poner a disposici\u00f3n de los docentes de toda Espa\u00f1a una serie de materiales formativos que les permita capacitarse en el uso y aplicaci\u00f3n did\u00e1ctica de las TIC, seg\u00fan inform\u00f3 hoy la propia compa\u00f1\u00eda en un comunicado.<\/p>\n<p>La capacitaci\u00f3n de la comunidad docente en el uso de las TIC se concibe desde dos itinerarios formativos, Aspectos instrumentales de las TIC y Aspectos metodol\u00f3gicos de las TIC, y tres niveles: b\u00e1sico, consolidado y espec\u00edfico. El primer nivel pretende romper la barrera psicol\u00f3gica provocada por la inseguridad en el manejo de los medios, que mantiene a una parte de los docentes apartados de las TIC.<\/p>\n<p>El siguiente nivel persigue en dos fases la consolidaci\u00f3n de los objetivos trabajados en el b\u00e1sico y la incorporaci\u00f3n de la vertiente creativa. El tercero va orientado a complementar la formaci\u00f3n en TIC del profesorado que, teniendo la capacitaci\u00f3n de los dos primeros niveles, quiera adquirir alg\u00fan perfil espec\u00edfico.<\/p>\n<p>Esta iniciativa que se ha adjudicado Educaterra es parte del programa Internet en el Aula, integrado en el Plan Avanza para el desarrollo de la Sociedad de la Informaci\u00f3n y la convergencia con Europa y entre las comunidades aut\u00f3nomas y en el que participan los ministerios de Industria y Educaci\u00f3n, Red.es y las autonom\u00edas.<\/p>\n","protected":false},"excerpt":{"rendered":"<p>V\u00eda Firgoa La empresa de e-learning de Telef\u00f3nica ha resultado adjudicataria de los servicios de gesti\u00f3n y seguimiento del concurso Servicios para la Puesta a Disposici\u00f3n de Materiales de Capacitaci\u00f3n de la Comunidad Educativa en el Uso de las Tecnolog\u00edas de la Informaci\u00f3n y la Comunicaci\u00f3n. Educaterra se ha adjudicado el concurso, convocado por Red.es [&hellip;]<\/p>\n","protected":false},"author":1,"featured_media":0,"comment_status":"open","ping_status":"open","sticky":false,"template":"","format":"standard","meta":{"footnotes":""},"categories":[8],"tags":[],"class_list":["post-957","post","type-post","status-publish","format-standard","hentry","category-educacion_e_internet"],"_links":{"self":[{"href":"http:\/\/aula21.net\/aulablog21\/wp-json\/wp\/v2\/posts\/957","targetHints":{"allow":["GET"]}}],"collection":[{"href":"http:\/\/aula21.net\/aulablog21\/wp-json\/wp\/v2\/posts"}],"about":[{"href":"http:\/\/aula21.net\/aulablog21\/wp-json\/wp\/v2\/types\/post"}],"author":[{"embeddable":true,"href":"http:\/\/aula21.net\/aulablog21\/wp-json\/wp\/v2\/users\/1"}],"replies":[{"embeddable":true,"href":"http:\/\/aula21.net\/aulablog21\/wp-json\/wp\/v2\/comments?post=957"}],"version-history":[{"count":0,"href":"http:\/\/aula21.net\/aulablog21\/wp-json\/wp\/v2\/posts\/957\/revisions"}],"wp:attachment":[{"href":"http:\/\/aula21.net\/aulablog21\/wp-json\/wp\/v2\/media?parent=957"}],"wp:term":[{"taxonomy":"category","embeddable":true,"href":"http:\/\/aula21.net\/aulablog21\/wp-json\/wp\/v2\/categories?post=957"},{"taxonomy":"post_tag","embeddable":true,"href":"http:\/\/aula21.net\/aulablog21\/wp-json\/wp\/v2\/tags?post=957"}],"curies":[{"name":"wp","href":"https:\/\/api.w.org\/{rel}","templated":true}]}}