{"id":972,"date":"2006-08-27T12:25:50","date_gmt":"2006-08-27T11:25:50","guid":{"rendered":"http:\/\/www.aula21.net\/aulablog21\/archives\/2006\/08\/27\/%c2%bfque-quieres-ser-de-mayor\/"},"modified":"2006-08-27T12:48:24","modified_gmt":"2006-08-27T11:48:24","slug":"%c2%bfque-quieres-ser-de-mayor","status":"publish","type":"post","link":"http:\/\/aula21.net\/aulablog21\/archives\/2006\/08\/27\/%c2%bfque-quieres-ser-de-mayor\/","title":{"rendered":"\u00bfQu\u00e9 quieres ser de mayor?"},"content":{"rendered":"<p>En diversos diarios de hoy leo que en una <a href=\"http:\/\/www.ivie.es\/news\/2006\/ws_choil2005.php\">encuesta del Instituto Valenciano de Investigaciones Econ\u00f3micas<\/a>, hecha entre 3.000 personas menores de 30 a\u00f1os de toda Espa\u00f1a el porcentaje global que se decanta por entrar en la n\u00f3mina del Estado es del 65%.<br \/>\nAlgo no va bien en la cadena que relaciona la ense\u00f1anza &#8211;universitaria o de formaci\u00f3n profesional&#8211;, el mercado laboral y la remuneraci\u00f3n por el trabajo cuando la mayor\u00eda de los j\u00f3venes espa\u00f1oles, a igual de sueldo y estabilidad laboral, prefieren trabajar para la Administraci\u00f3n antes que para una empresa privada.<br \/>\nUn art\u00edculo que me ha gistado es el titulado <a href=\"http:\/\/www.diariosigloxxi.com\/noticia.php?id=15962\">Mam\u00e1 quiero ser funcionario<\/a> que termina diciendo:<br \/>\n<em>Los gobiernos, central y auton\u00f3micos, tienen la obligaci\u00f3n de hacer funcionar la relaci\u00f3n educaci\u00f3n-mundo laboral. Tal vez una parte de la soluci\u00f3n estribe en valorar mucho m\u00e1s de los que est\u00e1 la Formaci\u00f3n Profesional y olvidar que hoy en d\u00eda estudiar una carrera universitaria ya no es ni signo de distinci\u00f3n ni un pasaporte para un empleo bueno y estable. Mientras tanto los \u00fanicos que salen ganadores son algunos empresarios que aprovechando la situaci\u00f3n ofrecen sueldos de miseria y contrataci\u00f3n precaria y lo hacen a sabiendas que si los demandantes del empleo no lo aceptan siempre tienen detr\u00e1s el colch\u00f3n de la inmigraci\u00f3n con gentes mucho m\u00e1s necesidades y que trabajan m\u00e1s horas y por menos sueldo que los vecinos del pa\u00eds.<\/em><\/p>\n<p>La generaci\u00f3n calificada como \u00abla mejor preparada de la histor\u00eda de nuestro pa\u00eds\u00bb por los pol\u00edticos que quieren regalarle los oidos a los j\u00f3venes en busca de sus votos resulta que sue\u00f1a con ser funcionario, imagino eso si que despu\u00e9s de haber renunciado a ser Beckam, famosillo de salsa rosa, concursante de gran hermano etc.<br \/>\nYo de chico dec\u00eda que quer\u00eda ser bombero y de mayor quiero ser como <a href=\"http:\/\/es.wikipedia.org\/wiki\/Grigori_Perelman\">Perelman<\/a> pero he acabado de funcionario de la realidad nacional extreme\u00f1a, \u00a1 menos da una piedra !<\/p>\n","protected":false},"excerpt":{"rendered":"<p>En diversos diarios de hoy leo que en una encuesta del Instituto Valenciano de Investigaciones Econ\u00f3micas, hecha entre 3.000 personas menores de 30 a\u00f1os de toda Espa\u00f1a el porcentaje global que se decanta por entrar en la n\u00f3mina del Estado es del 65%. Algo no va bien en la cadena que relaciona la ense\u00f1anza &#8211;universitaria [&hellip;]<\/p>\n","protected":false},"author":1,"featured_media":0,"comment_status":"open","ping_status":"open","sticky":false,"template":"","format":"standard","meta":{"footnotes":""},"categories":[8],"tags":[],"class_list":["post-972","post","type-post","status-publish","format-standard","hentry","category-educacion_e_internet"],"_links":{"self":[{"href":"http:\/\/aula21.net\/aulablog21\/wp-json\/wp\/v2\/posts\/972","targetHints":{"allow":["GET"]}}],"collection":[{"href":"http:\/\/aula21.net\/aulablog21\/wp-json\/wp\/v2\/posts"}],"about":[{"href":"http:\/\/aula21.net\/aulablog21\/wp-json\/wp\/v2\/types\/post"}],"author":[{"embeddable":true,"href":"http:\/\/aula21.net\/aulablog21\/wp-json\/wp\/v2\/users\/1"}],"replies":[{"embeddable":true,"href":"http:\/\/aula21.net\/aulablog21\/wp-json\/wp\/v2\/comments?post=972"}],"version-history":[{"count":0,"href":"http:\/\/aula21.net\/aulablog21\/wp-json\/wp\/v2\/posts\/972\/revisions"}],"wp:attachment":[{"href":"http:\/\/aula21.net\/aulablog21\/wp-json\/wp\/v2\/media?parent=972"}],"wp:term":[{"taxonomy":"category","embeddable":true,"href":"http:\/\/aula21.net\/aulablog21\/wp-json\/wp\/v2\/categories?post=972"},{"taxonomy":"post_tag","embeddable":true,"href":"http:\/\/aula21.net\/aulablog21\/wp-json\/wp\/v2\/tags?post=972"}],"curies":[{"name":"wp","href":"https:\/\/api.w.org\/{rel}","templated":true}]}}