{"id":98,"date":"2004-11-16T18:37:16","date_gmt":"2004-11-16T17:37:16","guid":{"rendered":"http:\/\/127.0.0.1\/wordpress2\/index.php\/archives\/2004\/11\/16\/un-articulo-extraordinario\/"},"modified":"2004-12-18T22:42:01","modified_gmt":"2004-12-18T21:42:01","slug":"un-articulo-extraordinario","status":"publish","type":"post","link":"http:\/\/aula21.net\/aulablog21\/archives\/2004\/11\/16\/un-articulo-extraordinario\/","title":{"rendered":"Un art\u00edculo extraordinario"},"content":{"rendered":"<p>El art\u00edculo mas extraordinario acerca del proceso de ense\u00f1anza-aprendizaje que he leido en mucho tiempo (yo dir\u00eda que en toda mi vida) es el publicado en <a href=\"http:\/\/weblog.educ.ar\/educacion-tics\/\">Educ.ar<\/a> por Javier Mart\u00ednez Aldanondo titulado <a href=\"http:\/\/weblog.educ.ar\/educacion-tics\/archives\/002994.php\">e-learning y los 7 pecados capitales<\/a><br \/>En su resumen podemos leer:<\/p>\n<p>Internet y el e-learning han sido perjudiciales para la educaci\u00f3n y la formaci\u00f3n. Una inmensa mayor\u00eda ha visto en el e-learning el instrumento perfecto para hacer el menor esfuerzo posible, virtualizar los materiales que ya ten\u00edan, ponerlos en la web y hacerlos accesibles a sus empleados gastando lo m\u00ednimo y ahorrando lo m\u00e1ximo. La consecuencia no es ninguna sorpresa: lo que sabemos que no funciona en presencial y aderezado adem\u00e1s con su dosis de tecnolog\u00eda, que queda muy bien en los tiempos que corren. Se ha optado por lo m\u00e1s r\u00e1pido y lo m\u00e1s barato que rara vez significa lo mejor. Por tanto lo que se resiente es la calidad: El resultado es que la gente no aprende. <br \/>Contiene un mont\u00f3n de reflexiones y pautas acerca de como ense\u00f1amos a nuestro alumnos ( con un elevado grado de fracaso escolar) y como deberiamos ense\u00f1arles para que los aprendizajes fueran efectivos y de utilidad para la vida.<br \/>Sus argumentos deberiamos tenerlos muy en cuenta a la hora de lanzarnos a usar las <span class=\"caps\">TIC<\/span> en las aulas.<br \/>Repito, un trabajo extraordinario, pienso imprimirlo, leerlo, subrayarlo y releerlo.<br \/>La claridad de ideas de su autor es envidiable,\u00a1 cuanto adelantariamos si los responsables pol\u00edticos de implantar las <span class=\"caps\">TIC<\/span> en el aula se molestaran en leer art\u00edculos tan maravillosos como este y no pensaran solo en la rentabilidad electoral de sus actuaciones.!<br \/>Os dejo que me voy a leerlo por tercera vez<\/p>\n","protected":false},"excerpt":{"rendered":"<p>El art\u00edculo mas extraordinario acerca del proceso de ense\u00f1anza-aprendizaje que he leido en mucho tiempo (yo dir\u00eda que en toda mi vida) es el publicado en Educ.ar por Javier Mart\u00ednez Aldanondo titulado e-learning y los 7 pecados capitalesEn su resumen podemos leer: Internet y el e-learning han sido perjudiciales para la educaci\u00f3n y la formaci\u00f3n. [&hellip;]<\/p>\n","protected":false},"author":1,"featured_media":0,"comment_status":"open","ping_status":"open","sticky":false,"template":"","format":"standard","meta":{"footnotes":""},"categories":[8],"tags":[],"class_list":["post-98","post","type-post","status-publish","format-standard","hentry","category-educacion_e_internet"],"_links":{"self":[{"href":"http:\/\/aula21.net\/aulablog21\/wp-json\/wp\/v2\/posts\/98","targetHints":{"allow":["GET"]}}],"collection":[{"href":"http:\/\/aula21.net\/aulablog21\/wp-json\/wp\/v2\/posts"}],"about":[{"href":"http:\/\/aula21.net\/aulablog21\/wp-json\/wp\/v2\/types\/post"}],"author":[{"embeddable":true,"href":"http:\/\/aula21.net\/aulablog21\/wp-json\/wp\/v2\/users\/1"}],"replies":[{"embeddable":true,"href":"http:\/\/aula21.net\/aulablog21\/wp-json\/wp\/v2\/comments?post=98"}],"version-history":[{"count":0,"href":"http:\/\/aula21.net\/aulablog21\/wp-json\/wp\/v2\/posts\/98\/revisions"}],"wp:attachment":[{"href":"http:\/\/aula21.net\/aulablog21\/wp-json\/wp\/v2\/media?parent=98"}],"wp:term":[{"taxonomy":"category","embeddable":true,"href":"http:\/\/aula21.net\/aulablog21\/wp-json\/wp\/v2\/categories?post=98"},{"taxonomy":"post_tag","embeddable":true,"href":"http:\/\/aula21.net\/aulablog21\/wp-json\/wp\/v2\/tags?post=98"}],"curies":[{"name":"wp","href":"https:\/\/api.w.org\/{rel}","templated":true}]}}