{"id":987,"date":"2006-09-04T21:39:45","date_gmt":"2006-09-04T20:39:45","guid":{"rendered":"http:\/\/www.aula21.net\/aulablog21\/archives\/2006\/09\/04\/el-busto-es-mio\/"},"modified":"2006-09-04T22:03:22","modified_gmt":"2006-09-04T21:03:22","slug":"el-busto-es-mio","status":"publish","type":"post","link":"http:\/\/aula21.net\/aulablog21\/archives\/2006\/09\/04\/el-busto-es-mio\/","title":{"rendered":"El busto es mio"},"content":{"rendered":"<p>\u00abEl busto es mio\u00bb es el t\u00edtulo de la canci\u00f3n amuleto que dio suerte a la selecci\u00f3n espa\u00f1ola de baloncesto en el Mundial de Jap\u00f3n.<\/p>\n<p>Su autor es un tal <a href=\"http:\/\/www.rikilopez.com\/\">Riki L\u00f3pez <\/a>cantante desconocido hasta hoy que seguro se har\u00e1 muy popular.<br \/>\nEnhorabuena a esos\u00a0fen\u00f3menos que han alcanzado el t\u00edtulo de campeones del mundo y especialmente a Pepu Hern\u00e1ndez su\u00a0entrenador que ocult\u00f3 a los jugadores la muerte de su padre unas horas antes de la final. \u00abNada pod\u00eda romper la unidad del grupo\u00bb. Con esta frase justific\u00f3 luego el t\u00e9cnico la decisi\u00f3n de mantener en secreto la fatal noticia, el adi\u00f3s para siempre de su padre, de 87 a\u00f1os y que arrastraba una grave enfermedad, descanse en paz y orgulloso puede estar de tener un hijo as\u00ed.<\/font><\/font><\/font><\/p>\n<p>Si te quieres reir un rato escucha la canci\u00f3n:<br \/>\n<object width=\"425\" height=\"350\"><param name=\"movie\" value=\"http:\/\/www.youtube.com\/v\/3CqsuW2HxGA\"><\/param><embed src=\"http:\/\/www.youtube.com\/v\/3CqsuW2HxGA\" type=\"application\/x-shockwave-flash\" width=\"425\" height=\"350\"><\/embed><\/object><\/p>\n<p>Interesante tambi\u00e9n es la entrevista a Pau Gasol que apareci\u00f3 publicada en El Mundo:<br \/>\n \u00ab[&#8230;] P.- \u00bfVe a Catalu\u00f1a jugando un campeonato mundial de baloncesto?<\/p>\n<p>R.- Dif\u00edcil. No s\u00e9 si me gustar\u00eda porque la selecci\u00f3n espa\u00f1ola es nuestra selecci\u00f3n de siempre y no s\u00e9 qu\u00e9 repercusi\u00f3n podr\u00eda tener una situaci\u00f3n tan delicada para todos: que un trocito que forma parte de Espa\u00f1a se quisiera independizar o tener su selecci\u00f3n.<\/p>\n<p>[&#8230;] P.- Ya. \u00bfY se ve desde ah\u00ed arriba si Espa\u00f1a se est\u00e1 dividiendo?<\/p>\n<p>R.- Y desde abajo tambi\u00e9n, \u00bfno? Desde abajo, desde arriba y desde todos los puntos. Espa\u00f1a tiene que mantenerse conjunta y fuerte como pa\u00eds. Pero, bueno, en la pol\u00edtica es muy dif\u00edcil entrar si no eres un experto&#8230;<\/p>\n<p><a href=\"http:\/\/www.e-dazibao.com\/criterio\/archivos\/001761.html\">Seguir leyendo<\/a><\/p>\n","protected":false},"excerpt":{"rendered":"<p>\u00abEl busto es mio\u00bb es el t\u00edtulo de la canci\u00f3n amuleto que dio suerte a la selecci\u00f3n espa\u00f1ola de baloncesto en el Mundial de Jap\u00f3n. Su autor es un tal Riki L\u00f3pez cantante desconocido hasta hoy que seguro se har\u00e1 muy popular. Enhorabuena a esos\u00a0fen\u00f3menos que han alcanzado el t\u00edtulo de campeones del mundo y [&hellip;]<\/p>\n","protected":false},"author":1,"featured_media":0,"comment_status":"open","ping_status":"open","sticky":false,"template":"","format":"standard","meta":{"footnotes":""},"categories":[1],"tags":[],"class_list":["post-987","post","type-post","status-publish","format-standard","hentry","category-miscelanea"],"_links":{"self":[{"href":"http:\/\/aula21.net\/aulablog21\/wp-json\/wp\/v2\/posts\/987","targetHints":{"allow":["GET"]}}],"collection":[{"href":"http:\/\/aula21.net\/aulablog21\/wp-json\/wp\/v2\/posts"}],"about":[{"href":"http:\/\/aula21.net\/aulablog21\/wp-json\/wp\/v2\/types\/post"}],"author":[{"embeddable":true,"href":"http:\/\/aula21.net\/aulablog21\/wp-json\/wp\/v2\/users\/1"}],"replies":[{"embeddable":true,"href":"http:\/\/aula21.net\/aulablog21\/wp-json\/wp\/v2\/comments?post=987"}],"version-history":[{"count":0,"href":"http:\/\/aula21.net\/aulablog21\/wp-json\/wp\/v2\/posts\/987\/revisions"}],"wp:attachment":[{"href":"http:\/\/aula21.net\/aulablog21\/wp-json\/wp\/v2\/media?parent=987"}],"wp:term":[{"taxonomy":"category","embeddable":true,"href":"http:\/\/aula21.net\/aulablog21\/wp-json\/wp\/v2\/categories?post=987"},{"taxonomy":"post_tag","embeddable":true,"href":"http:\/\/aula21.net\/aulablog21\/wp-json\/wp\/v2\/tags?post=987"}],"curies":[{"name":"wp","href":"https:\/\/api.w.org\/{rel}","templated":true}]}}